{"id":2019,"date":"2026-04-04T12:14:56","date_gmt":"2026-04-04T12:14:56","guid":{"rendered":"https:\/\/turkistanpost.com\/cin-dogu-turkistandaki-insan-haklarina-iliskin-mavi-kitap-yayimladi\/"},"modified":"2026-04-04T12:14:56","modified_gmt":"2026-04-04T12:14:56","slug":"cin-dogu-turkistandaki-insan-haklarina-iliskin-mavi-kitap-yayimladi","status":"publish","type":"post","link":"https:\/\/turkistanpost.com\/tr\/cin-dogu-turkistandaki-insan-haklarina-iliskin-mavi-kitap-yayimladi\/","title":{"rendered":"\u00c7in, Do\u011fu T\u00fcrkistan\u2019daki insan haklar\u0131na ili\u015fkin \u201cMavi Kitap\u201d yay\u0131mlad\u0131"},"content":{"rendered":"<p data-path-to-node=\"62\">Devlet medyas\u0131, raporun d\u0131\u015f ele\u015ftirilerin ortas\u0131nda yasal korumalar\u0131 vurgulad\u0131\u011f\u0131n\u0131 belirtiyor.<\/p>\n<p data-path-to-node=\"63\"> Pekin\u2019in \u201cSincan (Yeni B\u00f6lge)\u201d olarak adland\u0131rd\u0131\u011f\u0131 Do\u011fu T\u00fcrkistan, devlet medyas\u0131 ve raporun yay\u0131mlanan \u00f6zetine g\u00f6re, insan haklar\u0131 i\u00e7in yasal korumalar\u0131n iyile\u015fti\u011fini iddia eden \u00c7in h\u00fck\u00fcmeti destekli yeni bir yay\u0131n\u0131n odak noktas\u0131 oldu. Raporun yay\u0131mlanmas\u0131, uluslararas\u0131 kurum ve ara\u015ft\u0131rmac\u0131lar\u0131n Do\u011fu T\u00fcrkistan\u2019daki g\u00f6zalt\u0131 politikalar\u0131n\u0131, k\u00fclt\u00fcrel k\u0131s\u0131tlamalar\u0131 ve i\u015f g\u00fcc\u00fc transferi uygulamalar\u0131n\u0131 sorgulamaya devam etti\u011fi bir d\u00f6nemde \u00f6nem arz ediyor.<\/p>\n<p data-path-to-node=\"64\">China Daily\u2019nin haberine g\u00f6re, \u201cSincan\u2019da \u0130nsan Haklar\u0131 \u0130\u00e7in Yasal Koruma Raporu (2024)\u201d ba\u015fl\u0131kl\u0131 belge, \u00c7in devletine ba\u011fl\u0131 akademisyenler taraf\u0131ndan bir \u201cMavi Kitap\u201d olarak sunuldu. Raporda, son d\u00f6nemdeki politikalar bir hukuk devleti \u00e7abas\u0131 olarak \u00e7er\u00e7evelenirken, d\u0131\u015f de\u011ferlendirmeler Pekin\u2019in b\u00f6lgedeki siciline meydan okumaya devam ediyor.<\/p>\n<p data-path-to-node=\"65\"><b data-path-to-node=\"65\" data-index-in-node=\"0\">Yasal koruma iddialar\u0131<\/b><\/p>\n<p data-path-to-node=\"66\">China Daily\u2019ye g\u00f6re Mavi Kitap, insan haklar\u0131n\u0131n korunmas\u0131 konusunda \u201cd\u00f6n\u00fcm noktas\u0131 niteli\u011finde akademik ba\u015far\u0131lar\u201d sundu\u011funu iddia ediyor. \u00c7inli yetkililerin yasal y\u00f6netim olarak tan\u0131mlad\u0131\u011f\u0131, meselelerin kanuna g\u00f6re ele al\u0131nmas\u0131n\u0131 i\u00e7eren \u201c\u4f9d\u6cd5\u5904\u7406\u201d (kanuna g\u00f6re i\u015flem yapma) \u00f6nlemlerini vurguluyor.<\/p>\n<p data-path-to-node=\"67\">Devlet medyas\u0131, bu ad\u0131mlar\u0131n istikrar\u0131 ve etnik uyumu art\u0131rd\u0131\u011f\u0131n\u0131 savunuyor. Ancak rapor, Do\u011fu T\u00fcrkistan\u2019da geni\u015f \u00e7apl\u0131 g\u00f6zalt\u0131 veya di\u011fer zorlay\u0131c\u0131 politikalar\u0131n uyguland\u0131\u011f\u0131n\u0131 iddia eden uluslararas\u0131 tahminlere do\u011frudan yan\u0131t vermiyor. Raporun dahili verilerinin ba\u011f\u0131ms\u0131z bir \u015fekilde do\u011frulanmas\u0131, mevcut materyaller dahilinde hen\u00fcz sa\u011flanabilmi\u015f de\u011fildir.<\/p>\n<p data-path-to-node=\"68\"><b data-path-to-node=\"68\" data-index-in-node=\"0\">Dini mekan y\u00f6netimi<\/b><\/p>\n<p data-path-to-node=\"69\">Rapor ayr\u0131ca, \u00c7inli yetkililerin a\u015f\u0131r\u0131c\u0131l\u0131\u011f\u0131 \u00f6nlemek i\u00e7in standartla\u015ft\u0131r\u0131lm\u0131\u015f y\u00f6netim olarak sundu\u011fu dini mekanlar i\u00e7in \u201cher \u015feyi kapsayan bir a\u011f\u201d tan\u0131ml\u0131yor. Devlet medyas\u0131, bu \u00e7er\u00e7evenin dini ulusal yasal ve idari gerekliliklerle uyumlu hale getirmeyi ama\u00e7lad\u0131\u011f\u0131n\u0131 belirtiyor.<\/p>\n<p data-path-to-node=\"70\">D\u0131\u015f soru\u015fturmalar daha \u00f6nce camilere y\u00f6nelik yayg\u0131n hasar\u0131 ve dini ibadet \u00fczerindeki k\u0131s\u0131tlamalar\u0131 belgelemi\u015f olsa da, bu bulgular China Daily taraf\u0131ndan al\u0131nt\u0131lanan Mavi Kitap \u00f6zetinde kabul edilmiyor. Rapor bunun yerine d\u00fczenlenmi\u015f koruma ve y\u00f6netimi vurguluyor.<\/p>\n<p data-path-to-node=\"71\"><b data-path-to-node=\"71\" data-index-in-node=\"0\">\u0130\u015f g\u00fcc\u00fc ve e\u011fitim iddialar\u0131<\/b><\/p>\n<p data-path-to-node=\"72\">China Daily, Mavi Kitap\u2019\u0131n i\u015f g\u00fcvencesi giri\u015fimlerini ve yoksullukla m\u00fccadele programlar\u0131n\u0131 \u00f6vd\u00fc\u011f\u00fcn\u00fc, bunlar\u0131 ekonomik entegrasyonun kan\u0131t\u0131 olarak tan\u0131mlad\u0131\u011f\u0131n\u0131 belirtti. Ayr\u0131ca raporun, 880.500\u2019den fazla \u00e7ocuk i\u00e7in iki dilli e\u011fitim ve yat\u0131l\u0131 tesisler de dahil olmak \u00fczere e\u011fitime eri\u015fimin geni\u015fletildi\u011fini iddia etti\u011fi ifade ediliyor.<\/p>\n<p data-path-to-node=\"73\">Ayn\u0131 rapor bu \u00f6nlemleri e\u015fitleyici ve geli\u015fimsel olarak sunuyor. Ancak ba\u011f\u0131ms\u0131z habercilik ve uluslararas\u0131 de\u011ferlendirmeler, Do\u011fu T\u00fcrkistan\u2019daki i\u015f g\u00fcc\u00fc transferleri, ailelerin par\u00e7alanmas\u0131 ve anadilde e\u011fitimin azalt\u0131lmas\u0131 konusundaki endi\u015feleri dile getirmekte.<\/p>\n<p data-path-to-node=\"74\">China Daily taraf\u0131ndan al\u0131nt\u0131lanan bir g\u00f6r\u00fc\u015fte, \u201cDai Bin, bu programlar\u0131n milyonlarca insan\u0131 yoksulluktan kurtard\u0131\u011f\u0131n\u0131 belirtti\u201d ifadesi yer al\u0131yor. Bu a\u00e7\u0131klama h\u00fck\u00fcmetin tutumunu yans\u0131tmakta olup, ba\u011f\u0131ms\u0131z olarak do\u011frulanm\u0131\u015f bir bulgu de\u011fildir.<\/p>\n<p data-path-to-node=\"75\"><b data-path-to-node=\"75\" data-index-in-node=\"0\">Uluslararas\u0131 inceleme<\/b><\/p>\n<p data-path-to-node=\"76\">Bu yay\u0131n, Sincan\u2019daki ciddi insan haklar\u0131 ihlallerinin insanl\u0131\u011fa kar\u015f\u0131 su\u00e7 te\u015fkil edebilece\u011fini belirten 2022 BM \u0130nsan Haklar\u0131 Y\u00fcksek Komiserli\u011fi de\u011ferlendirmesinin ard\u0131ndan geldi. \u00c7in makamlar\u0131 bu de\u011ferlendirmeyi reddetti ve d\u0131\u015f ele\u015ftirileri tarafl\u0131 olarak nitelendirmeye devam ediyor.<\/p>\n<p data-path-to-node=\"77\">Yeni Mavi Kitap, resmi veriler ve yasal bir \u00e7er\u00e7eve ile bu ele\u015ftirilere yan\u0131t vermek \u00fczere tasarlanm\u0131\u015f g\u00f6r\u00fcn\u00fcyor. Ancak mevcut \u00f6zet; Do\u011fu T\u00fcrkistan\u2019daki g\u00f6zalt\u0131, g\u00f6zetim, dini kontrol, i\u015f g\u00fcc\u00fc transferi ve ba\u011f\u0131ms\u0131z do\u011frulama eri\u015fimi \u00fczerindeki temel anla\u015fmazl\u0131klar\u0131 \u00e7\u00f6z\u00fcms\u00fcz b\u0131rak\u0131yor.<\/p>\n<p data-path-to-node=\"78\">The East Turkistan Post ba\u011f\u0131ms\u0131z bir haber yay\u0131n\u0131d\u0131r. T\u00fcm iddialar ilgili kaynaklar\u0131na atfedilmi\u015ftir. Do\u011fu T\u00fcrkistan i\u00e7indeki eri\u015fim k\u0131s\u0131tlamalar\u0131, sahadaki ba\u011f\u0131ms\u0131z do\u011frulamay\u0131 s\u0131n\u0131rland\u0131rmaktad\u0131r.<\/p>\n","protected":false},"excerpt":{"rendered":"<p>Devlet medyas\u0131, raporun d\u0131\u015f ele\u015ftirilerin ortas\u0131nda yasal korumalar\u0131 vurgulad\u0131\u011f\u0131n\u0131 belirtiyor. Pekin\u2019in \u201cSincan (Yeni B\u00f6lge)\u201d olarak adland\u0131rd\u0131\u011f\u0131 Do\u011fu T\u00fcrkistan, devlet medyas\u0131 ve raporun yay\u0131mlanan \u00f6zetine g\u00f6re, insan haklar\u0131 i\u00e7in yasal korumalar\u0131n iyile\u015fti\u011fini iddia eden \u00c7in h\u00fck\u00fcmeti destekli yeni bir yay\u0131n\u0131n odak noktas\u0131 oldu. Raporun yay\u0131mlanmas\u0131, uluslararas\u0131 kurum ve ara\u015ft\u0131rmac\u0131lar\u0131n Do\u011fu T\u00fcrkistan\u2019daki g\u00f6zalt\u0131 politikalar\u0131n\u0131, k\u00fclt\u00fcrel k\u0131s\u0131tlamalar\u0131 ve [&hellip;]<\/p>\n","protected":false},"author":2,"featured_media":0,"comment_status":"closed","ping_status":"closed","sticky":false,"template":"","format":"standard","meta":{"om_disable_all_campaigns":false,"_monsterinsights_skip_tracking":false,"_monsterinsights_sitenote_active":false,"_monsterinsights_sitenote_note":"","_monsterinsights_sitenote_category":0,"jnews-multi-image_gallery":[],"jnews_single_post":[],"jnews_primary_category":[],"jnews_post_split":[],"footnotes":""},"categories":[319,324,405],"tags":[406],"class_list":["post-2019","post","type-post","status-publish","format-standard","hentry","category-dogu-turkistan","category-siyaset","category-topluluk","tag-mavi-kitap"],"aioseo_notices":[],"_links":{"self":[{"href":"https:\/\/turkistanpost.com\/tr\/wp-json\/wp\/v2\/posts\/2019","targetHints":{"allow":["GET"]}}],"collection":[{"href":"https:\/\/turkistanpost.com\/tr\/wp-json\/wp\/v2\/posts"}],"about":[{"href":"https:\/\/turkistanpost.com\/tr\/wp-json\/wp\/v2\/types\/post"}],"author":[{"embeddable":true,"href":"https:\/\/turkistanpost.com\/tr\/wp-json\/wp\/v2\/users\/2"}],"replies":[{"embeddable":true,"href":"https:\/\/turkistanpost.com\/tr\/wp-json\/wp\/v2\/comments?post=2019"}],"version-history":[{"count":0,"href":"https:\/\/turkistanpost.com\/tr\/wp-json\/wp\/v2\/posts\/2019\/revisions"}],"wp:attachment":[{"href":"https:\/\/turkistanpost.com\/tr\/wp-json\/wp\/v2\/media?parent=2019"}],"wp:term":[{"taxonomy":"category","embeddable":true,"href":"https:\/\/turkistanpost.com\/tr\/wp-json\/wp\/v2\/categories?post=2019"},{"taxonomy":"post_tag","embeddable":true,"href":"https:\/\/turkistanpost.com\/tr\/wp-json\/wp\/v2\/tags?post=2019"}],"curies":[{"name":"wp","href":"https:\/\/api.w.org\/{rel}","templated":true}]}}