{"id":2000,"date":"2026-04-08T11:09:20","date_gmt":"2026-04-08T11:09:20","guid":{"rendered":"https:\/\/turkistanpost.com\/dogu-turkistan-surgun-hukumeti-sincan-ismini-reddetti\/"},"modified":"2026-04-08T11:09:20","modified_gmt":"2026-04-08T11:09:20","slug":"dogu-turkistan-surgun-hukumeti-sincan-ismini-reddetti","status":"publish","type":"post","link":"https:\/\/turkistanpost.com\/tr\/dogu-turkistan-surgun-hukumeti-sincan-ismini-reddetti\/","title":{"rendered":"Do\u011fu T\u00fcrkistan S\u00fcrg\u00fcn H\u00fck\u00fcmeti \u2018Sincan\u2019 ismini reddetti"},"content":{"rendered":"<p data-path-to-node=\"53\">S\u00fcrg\u00fcn h\u00fck\u00fcmeti, \u2018Sincan\u2019 teriminin tarihsel s\u00f6m\u00fcrgeci isimlendirmeyi ve toprak kontrol\u00fc anlat\u0131lar\u0131n\u0131 yans\u0131tt\u0131\u011f\u0131n\u0131 belirtti.<\/p>\n<p data-path-to-node=\"54\"> WASHINGTON \u2014 Pekin\u2019in \u2018Sincan (Yeni B\u00f6lge)\u2019 olarak adland\u0131rd\u0131\u011f\u0131 Do\u011fu T\u00fcrkistan, bir isimlendirme anla\u015fmazl\u0131\u011f\u0131n\u0131n merkezinde yer al\u0131yor. Do\u011fu T\u00fcrkistan S\u00fcrg\u00fcn H\u00fck\u00fcmeti (ETGE), \u2018Sincan\u2019 terimini bir b\u00f6lgesel tan\u0131mlama olarak resmen reddetti. Grup, bu ismin b\u00f6lgedeki Qing d\u00f6nemi geni\u015flemesinden sonra dayat\u0131lan tarihsel politikalar\u0131 yans\u0131tt\u0131\u011f\u0131n\u0131 ifade ediyor.<\/p>\n<p data-path-to-node=\"55\">ETGE, a\u00e7\u0131klamas\u0131n\u0131 8 Nisan\u2019da yay\u0131nlad\u0131. A\u00e7\u0131klamada, \u00c7ince\u2019de \u2018Yeni B\u00f6lge\u2019 anlam\u0131na gelen \u2018Sincan\u2019 teriminin tarihsel ba\u011flam\u0131 i\u00e7inde anla\u015f\u0131lmas\u0131 gerekti\u011fi belirtildi. Ayr\u0131ca grup, ismin do\u011frudan Qing hanedanl\u0131\u011f\u0131n\u0131n 1884 y\u0131l\u0131nda b\u00f6lgeyi ilhak etmesinden sonra getirilen idari isimlendirme uygulamalar\u0131yla ilgili oldu\u011funu savundu.<\/p>\n<p data-path-to-node=\"56\"><b data-path-to-node=\"56\" data-index-in-node=\"0\">ETGE terminolojiyi tarihsel y\u00f6netim ve kontrolle ili\u015fkilendiriyor<\/b><\/p>\n<p data-path-to-node=\"57\">ETGE, \u2018Sincan\u2019 isminin y\u00f6netim ve toprak kontrol\u00fcyle ba\u011flant\u0131l\u0131 siyasi ve tarihsel imalar ta\u015f\u0131d\u0131\u011f\u0131n\u0131 belirtti. Dahas\u0131 a\u00e7\u0131klamada; Uygur, Kazak, K\u0131rg\u0131z, \u00d6zbek ve Tatar n\u00fcfuslar\u0131n\u0131 i\u00e7eren yerli topluluklar\u0131n, k\u00fclt\u00fcrel ve tarihsel ba\u011flamlarda Do\u011fu T\u00fcrkistan terimini kulland\u0131\u011f\u0131 kaydedildi.<\/p>\n<p data-path-to-node=\"58\">\u00d6rg\u00fct, 8 Nisan tarihli a\u00e7\u0131klamas\u0131nda, \u201cYeni B\u00f6lge anlam\u0131na gelen Sincan teriminin kullan\u0131lmas\u0131n\u0131 reddediyoruz\u201d dedi.<\/p>\n<p data-path-to-node=\"59\">Grup, b\u00f6lgesel ayr\u0131mlara ili\u015fkin arg\u00fcman\u0131n\u0131n bir par\u00e7as\u0131 olarak tarihsel s\u0131n\u0131rlara da at\u0131fta bulundu. Bunlar aras\u0131nda \u00c7in Seddi\u2019ni tarihsel bir idari s\u0131n\u0131r olarak ele alan yorumlar yer al\u0131yor. Ancak bu yorumlar farkl\u0131 akademik ve siyasi perspektiflere tabidir.<\/p>\n<p data-path-to-node=\"60\"><b data-path-to-node=\"60\" data-index-in-node=\"0\">A\u00e7\u0131klama 1949 siyasi ge\u00e7i\u015fine ve sonraki politikalara at\u0131fta bulunuyor<\/b><\/p>\n<p data-path-to-node=\"61\">ETGE, konumunu 1949 y\u0131l\u0131 civar\u0131ndaki olaylarla ili\u015fkilendirdi. O y\u0131l, \u00c7in Halk Cumhuriyeti\u2019nin kurulmas\u0131n\u0131n ard\u0131ndan Do\u011fu T\u00fcrkistan\u2019\u0131n siyasi kontrol\u00fc el de\u011fi\u015ftirdi. Grup, eski Do\u011fu T\u00fcrkistan Cumhuriyeti i\u00e7indeki liderlik de\u011fi\u015fikliklerine dair tarihsel anlat\u0131lara at\u0131fta bulundu. Bunlar aras\u0131nda Sovyetler Birli\u011fi\u2019ne seyahat eden \u00fcst d\u00fczey yetkilileri ta\u015f\u0131yan bir u\u00e7ak kazas\u0131na dair raporlar yer al\u0131yor. Sovyet ar\u015fiv kay\u0131tlar\u0131 Irkutsk yak\u0131nlar\u0131ndaki kazay\u0131 belgelemektedir, ancak ilgili spesifik iddialar\u0131n ba\u011f\u0131ms\u0131z do\u011frulamas\u0131 tarihsel kaynaklar aras\u0131nda farkl\u0131l\u0131k g\u00f6stermektedir.<\/p>\n<p data-path-to-node=\"62\">ETGE ayr\u0131ca, o d\u00f6nemde Joseph Stalin ile Mao Zedong aras\u0131ndaki etkile\u015fimlere de\u011finen gizlili\u011fi kald\u0131r\u0131lm\u0131\u015f materyalleri de kan\u0131t g\u00f6sterdi. Ek olarak a\u00e7\u0131klamada; Do\u011fu T\u00fcrkistan\u2019daki n\u00fcfus y\u00f6netimi, k\u00fclt\u00fcrel miras alanlar\u0131 ve ekonomik idare ile ilgili politikalara at\u0131fta bulunuldu. Bunlar aras\u0131nda do\u011fum kontrol \u00f6nlemleri, k\u00fclt\u00fcrel alanlar\u0131n y\u0131k\u0131m\u0131 ve Sincan \u00dcretim ve \u0130n\u015faat Kolordusu (Bingtuan) gibi kaynak y\u00f6netim yap\u0131lar\u0131na dair iddialar yer al\u0131yor.<\/p>\n<p data-path-to-node=\"63\"><b data-path-to-node=\"63\" data-index-in-node=\"0\">\u00c7in\u2019in pozisyonu ve do\u011frulama k\u0131s\u0131tlamalar\u0131<\/b><\/p>\n<p data-path-to-node=\"64\">\u00c7in makamlar\u0131 tutarl\u0131 bir \u015fekilde Do\u011fu T\u00fcrkistan\u2019daki politikalar\u0131n ekonomik kalk\u0131nmay\u0131, sosyal istikrar\u0131 ve yasal y\u00f6netimi te\u015fvik etti\u011fini belirtmektedir. Yetkililer, idari terminolojinin veya y\u00f6netim uygulamalar\u0131n\u0131n zorlay\u0131c\u0131 niyetleri yans\u0131tt\u0131\u011f\u0131 iddialar\u0131n\u0131 reddetmektedir. Pekin, ETGE\u2019nin 8 Nisan\u2019daki b\u00f6lgesel isimlendirme hakk\u0131ndaki a\u00e7\u0131klamas\u0131na spesifik bir yan\u0131t vermedi.<\/p>\n<p data-path-to-node=\"65\">A\u00e7\u0131klamadaki tarihsel ve g\u00fcncel iddialar\u0131n ba\u011f\u0131ms\u0131z olarak do\u011frulanmas\u0131 hala k\u0131s\u0131tl\u0131d\u0131r. Ar\u015fiv materyallerine eri\u015fimin k\u0131s\u0131tl\u0131 olmas\u0131 ve Do\u011fu T\u00fcrkistan i\u00e7indeki saha ara\u015ft\u0131rmalar\u0131n\u0131n zorlu\u011fu, spesifik iddialar\u0131n d\u0131\u015far\u0131dan de\u011ferlendirilmesini k\u0131s\u0131tlamaktad\u0131r.<\/p>\n<p data-path-to-node=\"66\"><i data-path-to-node=\"66\" data-index-in-node=\"0\">The East Turkistan Post ba\u011f\u0131ms\u0131z bir haber yay\u0131n\u0131d\u0131r. T\u00fcm iddialar ilgili kaynaklar\u0131na atfedilmi\u015ftir. Do\u011fu T\u00fcrkistan i\u00e7indeki eri\u015fim k\u0131s\u0131tlamalar\u0131, sahadaki ba\u011f\u0131ms\u0131z do\u011frulamay\u0131 s\u0131n\u0131rlamaktad\u0131r.<\/i><\/p>\n","protected":false},"excerpt":{"rendered":"<p>S\u00fcrg\u00fcn h\u00fck\u00fcmeti, \u2018Sincan\u2019 teriminin tarihsel s\u00f6m\u00fcrgeci isimlendirmeyi ve toprak kontrol\u00fc anlat\u0131lar\u0131n\u0131 yans\u0131tt\u0131\u011f\u0131n\u0131 belirtti. WASHINGTON \u2014 Pekin\u2019in \u2018Sincan (Yeni B\u00f6lge)\u2019 olarak adland\u0131rd\u0131\u011f\u0131 Do\u011fu T\u00fcrkistan, bir isimlendirme anla\u015fmazl\u0131\u011f\u0131n\u0131n merkezinde yer al\u0131yor. Do\u011fu T\u00fcrkistan S\u00fcrg\u00fcn H\u00fck\u00fcmeti (ETGE), \u2018Sincan\u2019 terimini bir b\u00f6lgesel tan\u0131mlama olarak resmen reddetti. Grup, bu ismin b\u00f6lgedeki Qing d\u00f6nemi geni\u015flemesinden sonra dayat\u0131lan tarihsel politikalar\u0131 yans\u0131tt\u0131\u011f\u0131n\u0131 ifade [&hellip;]<\/p>\n","protected":false},"author":2,"featured_media":0,"comment_status":"closed","ping_status":"closed","sticky":false,"template":"","format":"standard","meta":{"om_disable_all_campaigns":false,"_monsterinsights_skip_tracking":false,"_monsterinsights_sitenote_active":false,"_monsterinsights_sitenote_note":"","_monsterinsights_sitenote_category":0,"jnews-multi-image_gallery":[],"jnews_single_post":[],"jnews_primary_category":[],"jnews_post_split":[],"footnotes":""},"categories":[324,343,320],"tags":[393],"class_list":["post-2000","post","type-post","status-publish","format-standard","hentry","category-siyaset","category-surgun","category-tarih","tag-dogu-turkistan-sincan-terminolojisi-etge-tarihsel-adlandirma-qing-hanedanligi-1949-olaylari-siyasi-tarih"],"aioseo_notices":[],"_links":{"self":[{"href":"https:\/\/turkistanpost.com\/tr\/wp-json\/wp\/v2\/posts\/2000","targetHints":{"allow":["GET"]}}],"collection":[{"href":"https:\/\/turkistanpost.com\/tr\/wp-json\/wp\/v2\/posts"}],"about":[{"href":"https:\/\/turkistanpost.com\/tr\/wp-json\/wp\/v2\/types\/post"}],"author":[{"embeddable":true,"href":"https:\/\/turkistanpost.com\/tr\/wp-json\/wp\/v2\/users\/2"}],"replies":[{"embeddable":true,"href":"https:\/\/turkistanpost.com\/tr\/wp-json\/wp\/v2\/comments?post=2000"}],"version-history":[{"count":0,"href":"https:\/\/turkistanpost.com\/tr\/wp-json\/wp\/v2\/posts\/2000\/revisions"}],"wp:attachment":[{"href":"https:\/\/turkistanpost.com\/tr\/wp-json\/wp\/v2\/media?parent=2000"}],"wp:term":[{"taxonomy":"category","embeddable":true,"href":"https:\/\/turkistanpost.com\/tr\/wp-json\/wp\/v2\/categories?post=2000"},{"taxonomy":"post_tag","embeddable":true,"href":"https:\/\/turkistanpost.com\/tr\/wp-json\/wp\/v2\/tags?post=2000"}],"curies":[{"name":"wp","href":"https:\/\/api.w.org\/{rel}","templated":true}]}}