{"id":1994,"date":"2026-04-09T10:31:13","date_gmt":"2026-04-09T10:31:13","guid":{"rendered":"https:\/\/turkistanpost.com\/barin-ayaklanmasinin-36-yilinda-surgun-hukumetinden-uluslararasi-eylem-cagrisi\/"},"modified":"2026-04-09T10:31:13","modified_gmt":"2026-04-09T10:31:13","slug":"barin-ayaklanmasinin-36-yilinda-surgun-hukumetinden-uluslararasi-eylem-cagrisi","status":"publish","type":"post","link":"https:\/\/turkistanpost.com\/tr\/barin-ayaklanmasinin-36-yilinda-surgun-hukumetinden-uluslararasi-eylem-cagrisi\/","title":{"rendered":"Bar\u0131n Ayaklanmas\u0131\u2019n\u0131n 36. y\u0131l\u0131nda s\u00fcrg\u00fcn h\u00fck\u00fcmetinden uluslararas\u0131 eylem \u00e7a\u011fr\u0131s\u0131"},"content":{"rendered":"<p data-path-to-node=\"56\">S\u00fcrg\u00fcn h\u00fck\u00fcmeti 1990 ayaklanmas\u0131n\u0131 and\u0131 ve olay\u0131 Do\u011fu T\u00fcrkistan\u2019daki mevcut ko\u015fullarla ili\u015fkilendirdi.<\/p>\n<p data-path-to-node=\"57\"> WASHINGTON \u2014 Pekin\u2019in \u201cSincan (Yeni B\u00f6lge)\u201d olarak adland\u0131rd\u0131\u011f\u0131 Do\u011fu T\u00fcrkistan, \u00e7ar\u015famba g\u00fcn\u00fc 1990 Bar\u0131n Ayaklanmas\u0131\u2019n\u0131n 36. y\u0131ld\u00f6n\u00fcm\u00fcn\u00fc kutlayan Do\u011fu T\u00fcrkistan S\u00fcrg\u00fcn H\u00fck\u00fcmeti\u2019nin (ETGE) yeni siyasi \u00e7a\u011fr\u0131lar\u0131na konu oldu. H\u00fck\u00fcmet, olay\u0131 direni\u015fin devam eden bir sembol\u00fc olarak nitelendirerek uluslararas\u0131 toplumu b\u00f6lgedeki mevcut ko\u015fullara y\u00f6nelik ilgisini art\u0131rmaya \u00e7a\u011f\u0131rd\u0131.<\/p>\n<p data-path-to-node=\"58\">Merkezi Washington\u2019da bulunan s\u00fcrg\u00fcn h\u00fck\u00fcmeti, y\u0131ld\u00f6n\u00fcm\u00fc vesilesiyle yay\u0131nlad\u0131\u011f\u0131 bildiride, ayaklanman\u0131n Do\u011fu T\u00fcrkistan\u2019\u0131n modern tarihindeki \u00f6nemli bir d\u00f6n\u00fcm noktas\u0131 olmay\u0131 s\u00fcrd\u00fcrd\u00fc\u011f\u00fcn\u00fc belirtti ve 1990 olaylar\u0131n\u0131 devlet politikalar\u0131na kar\u015f\u0131 \u00f6rg\u00fctl\u00fc bir muhalefetin ifadesi olarak tan\u0131mlad\u0131.<\/p>\n<p data-path-to-node=\"59\"><b data-path-to-node=\"59\" data-index-in-node=\"0\">S\u00fcrg\u00fcn h\u00fck\u00fcmeti Bar\u0131n\u2019\u0131 siyasi direni\u015fin sembol\u00fc olarak tan\u0131ml\u0131yor<\/b><\/p>\n<p data-path-to-node=\"60\">ETGE, Bar\u0131n Ayaklanmas\u0131\u2019n\u0131 hem yerel bir olay hem de daha geni\u015f siyasi \u00f6neme sahip bir geli\u015fme olarak tasvir etti. A\u00e7\u0131klamaya g\u00f6re bu y\u0131ld\u00f6n\u00fcm\u00fc, \u00c7inli yetkililerin Do\u011fu T\u00fcrkistan\u2019da uygulad\u0131\u011f\u0131 politikalara kar\u015f\u0131 \u00f6rg\u00fctl\u00fc direni\u015fin erken bir tezah\u00fcr\u00fcn\u00fc temsil ediyor.<\/p>\n<p data-path-to-node=\"61\">ETGE anma mesaj\u0131nda, \u201cAyaklanma, halk\u0131n \u00f6zg\u00fcrl\u00fck ve onur talebini temsil eden belirleyici bir an olarak kalmaya devam ediyor,\u201d ifadelerini kulland\u0131.<\/p>\n<p data-path-to-node=\"62\">Ar\u015fiv eri\u015fiminin k\u0131s\u0131tl\u0131 olmas\u0131 ve resmi ile gayri resmi anlat\u0131lar aras\u0131ndaki farkl\u0131l\u0131klar nedeniyle Bar\u0131n olaylar\u0131na ili\u015fkin ba\u011f\u0131ms\u0131z tarihsel analizler s\u0131n\u0131rl\u0131 kalmaktad\u0131r. \u00c7inli yetkililer tarihsel olarak olay\u0131 g\u00fcvenlik ba\u011flant\u0131l\u0131 bir karga\u015fa olarak nitelendirirken; s\u00fcrg\u00fcn gruplar\u0131 ve hak savunucular\u0131, olay\u0131 Do\u011fu T\u00fcrkistan\u2019daki y\u00f6netim politikalar\u0131na muhalefetten kaynaklanan siyasi ama\u00e7l\u0131 bir ayaklanma olarak sunmaktad\u0131r.<\/p>\n<p data-path-to-node=\"63\"><b data-path-to-node=\"63\" data-index-in-node=\"0\">ETGE 1990 olaylar\u0131n\u0131 mevcut ko\u015fullarla ili\u015fkilendiriyor<\/b><\/p>\n<p data-path-to-node=\"64\">ETGE, 1990 ayaklanmas\u0131n\u0131n nedenleriyle ili\u015fkilendirdi\u011fi ko\u015fullar\u0131n bug\u00fcn de devam etti\u011fini belirtti. \u00d6rg\u00fct\u00fcn a\u00e7\u0131klamas\u0131na g\u00f6re bunlar aras\u0131nda dini ibadetlere y\u00f6nelik k\u0131s\u0131tlamalar, k\u00fclt\u00fcrel ifade \u00fczerindeki bask\u0131lar, geni\u015fletilmi\u015f g\u00f6zetleme sistemleri ve Do\u011fu T\u00fcrkistan genelinde g\u00fcvenlik odakl\u0131 y\u00f6netim mekanizmalar\u0131n\u0131n uygulanmaya devam etmesi yer al\u0131yor.<\/p>\n<p data-path-to-node=\"65\">\u00d6rg\u00fct, bu y\u0131ld\u00f6n\u00fcm\u00fcn\u00fcn sadece tarihi bir anma olarak de\u011fil, ayn\u0131 zamanda \u00e7\u00f6z\u00fclmemi\u015f olarak tan\u0131mlad\u0131\u011f\u0131 politika kayg\u0131lar\u0131n\u0131n bir yans\u0131mas\u0131 olarak anla\u015f\u0131lmas\u0131 gerekti\u011fini savundu. H\u00fck\u00fcmetleri, insan haklar\u0131 \u00f6rg\u00fctlerini ve uluslararas\u0131 kurumlar\u0131; diplomatik, yasal ve ekonomik \u00f6nlemler arac\u0131l\u0131\u011f\u0131yla m\u00fcdahil olmaya \u00e7a\u011f\u0131rd\u0131.<\/p>\n<p data-path-to-node=\"66\"><b data-path-to-node=\"66\" data-index-in-node=\"0\">\u00c7in\u2019in tutumu ve do\u011frulama k\u0131s\u0131tlamalar\u0131<\/b><\/p>\n<p data-path-to-node=\"67\">\u00c7inli yetkililer, Do\u011fu T\u00fcrkistan\u2019daki hak ihlalleri iddialar\u0131n\u0131 tutarl\u0131 bir \u015fekilde reddederek b\u00f6lgedeki politikalar\u0131n ekonomik kalk\u0131nma ve sosyal istikrar\u0131 hedefledi\u011fini savunmaktad\u0131r. Pekin, ETGE\u2019nin y\u0131ld\u00f6n\u00fcm\u00fc bildirisine y\u00f6nelik \u00f6zel bir kamuoyu a\u00e7\u0131klamas\u0131 yapmad\u0131.<\/p>\n<p data-path-to-node=\"68\">ETGE, uluslararas\u0131 toplumu Do\u011fu T\u00fcrkistan\u2019daki geli\u015fmeleri koordineli ve \u00e7ok tarafl\u0131 bir yan\u0131t gerektiren bir mesele olarak ele almaya \u00e7a\u011f\u0131rd\u0131; herhangi bir angajman \u00e7er\u00e7evesinin gerekli bile\u015fenleri olarak hesap verebilirli\u011fi ve d\u0131\u015f denetimi vurgulad\u0131.<\/p>\n<p data-path-to-node=\"69\">Do\u011fu T\u00fcrkistan i\u00e7indeki mevcut ko\u015fullar\u0131n ba\u011f\u0131ms\u0131z olarak do\u011frulanmas\u0131 hala k\u0131s\u0131tl\u0131d\u0131r. Yabanc\u0131 medya, ba\u011f\u0131ms\u0131z g\u00f6zlemciler ve ara\u015ft\u0131rmac\u0131lar\u0131n eri\u015fimi, ETGE bildirisinde at\u0131fta bulunulan politikalar\u0131n kapsad\u0131\u011f\u0131 d\u00f6nem boyunca s\u0131n\u0131rl\u0131 kalm\u0131\u015ft\u0131r.<\/p>\n<p data-path-to-node=\"70\"><i data-path-to-node=\"70\" data-index-in-node=\"0\">The East Turkistan Post ba\u011f\u0131ms\u0131z bir haber yay\u0131n\u0131d\u0131r. T\u00fcm iddialar ilgili kaynaklar\u0131na atfedilmi\u015ftir. Do\u011fu T\u00fcrkistan i\u00e7indeki eri\u015fim k\u0131s\u0131tlamalar\u0131, sahadaki ba\u011f\u0131ms\u0131z do\u011frulamay\u0131 s\u0131n\u0131rlamaktad\u0131r.<\/i><\/p>\n","protected":false},"excerpt":{"rendered":"<p>S\u00fcrg\u00fcn h\u00fck\u00fcmeti 1990 ayaklanmas\u0131n\u0131 and\u0131 ve olay\u0131 Do\u011fu T\u00fcrkistan\u2019daki mevcut ko\u015fullarla ili\u015fkilendirdi. WASHINGTON \u2014 Pekin\u2019in \u201cSincan (Yeni B\u00f6lge)\u201d olarak adland\u0131rd\u0131\u011f\u0131 Do\u011fu T\u00fcrkistan, \u00e7ar\u015famba g\u00fcn\u00fc 1990 Bar\u0131n Ayaklanmas\u0131\u2019n\u0131n 36. y\u0131ld\u00f6n\u00fcm\u00fcn\u00fc kutlayan Do\u011fu T\u00fcrkistan S\u00fcrg\u00fcn H\u00fck\u00fcmeti\u2019nin (ETGE) yeni siyasi \u00e7a\u011fr\u0131lar\u0131na konu oldu. H\u00fck\u00fcmet, olay\u0131 direni\u015fin devam eden bir sembol\u00fc olarak nitelendirerek uluslararas\u0131 toplumu b\u00f6lgedeki mevcut ko\u015fullara y\u00f6nelik [&hellip;]<\/p>\n","protected":false},"author":2,"featured_media":0,"comment_status":"closed","ping_status":"closed","sticky":false,"template":"","format":"standard","meta":{"om_disable_all_campaigns":false,"_monsterinsights_skip_tracking":false,"_monsterinsights_sitenote_active":false,"_monsterinsights_sitenote_note":"","_monsterinsights_sitenote_category":0,"jnews-multi-image_gallery":[],"jnews_single_post":[],"jnews_primary_category":[],"jnews_post_split":[],"footnotes":""},"categories":[324,343,320],"tags":[],"class_list":["post-1994","post","type-post","status-publish","format-standard","hentry","category-siyaset","category-surgun","category-tarih"],"aioseo_notices":[],"_links":{"self":[{"href":"https:\/\/turkistanpost.com\/tr\/wp-json\/wp\/v2\/posts\/1994","targetHints":{"allow":["GET"]}}],"collection":[{"href":"https:\/\/turkistanpost.com\/tr\/wp-json\/wp\/v2\/posts"}],"about":[{"href":"https:\/\/turkistanpost.com\/tr\/wp-json\/wp\/v2\/types\/post"}],"author":[{"embeddable":true,"href":"https:\/\/turkistanpost.com\/tr\/wp-json\/wp\/v2\/users\/2"}],"replies":[{"embeddable":true,"href":"https:\/\/turkistanpost.com\/tr\/wp-json\/wp\/v2\/comments?post=1994"}],"version-history":[{"count":0,"href":"https:\/\/turkistanpost.com\/tr\/wp-json\/wp\/v2\/posts\/1994\/revisions"}],"wp:attachment":[{"href":"https:\/\/turkistanpost.com\/tr\/wp-json\/wp\/v2\/media?parent=1994"}],"wp:term":[{"taxonomy":"category","embeddable":true,"href":"https:\/\/turkistanpost.com\/tr\/wp-json\/wp\/v2\/categories?post=1994"},{"taxonomy":"post_tag","embeddable":true,"href":"https:\/\/turkistanpost.com\/tr\/wp-json\/wp\/v2\/tags?post=1994"}],"curies":[{"name":"wp","href":"https:\/\/api.w.org\/{rel}","templated":true}]}}