{"id":1983,"date":"2026-04-20T06:52:15","date_gmt":"2026-04-20T06:52:15","guid":{"rendered":"https:\/\/turkistanpost.com\/dogu-turkistan-surgun-hukumeti-kurucusu-ahmet-igemberdi-89-yasinda-hayatini-kaybetti\/"},"modified":"2026-04-25T16:34:24","modified_gmt":"2026-04-25T16:34:24","slug":"dogu-turkistan-surgun-hukumeti-kurucusu-ahmet-igemberdi-89-yasinda-hayatini-kaybetti","status":"publish","type":"post","link":"https:\/\/turkistanpost.com\/tr\/dogu-turkistan-surgun-hukumeti-kurucusu-ahmet-igemberdi-89-yasinda-hayatini-kaybetti\/","title":{"rendered":"Do\u011fu T\u00fcrkistan S\u00fcrg\u00fcn H\u00fck\u00fcmeti Kurucusu Ahmet \u0130gemberdi 89 Ya\u015f\u0131nda Hayat\u0131n\u0131 Kaybetti"},"content":{"rendered":"\n<p><strong>\u00d6zet:<\/strong> S\u00fcrg\u00fcn lider Ahmet \u0130gemberdi, onlarca y\u0131l s\u00fcren siyasi ve edebi \u00e7al\u0131\u015fmalar\u0131n\u0131n ard\u0131ndan Avustralya&#8217;da vefat etti.<\/p>\n\n<p><strong>The East Turkistan Post Taraf\u0131ndan | 20 Nisan 2026<\/strong><\/p>\n\n<hr class=\"wp-block-separator has-alpha-channel-opacity\"\/>\n\n<p><strong>ADELAIDE<\/strong> \u2014 Pekin&#8217;in &#8220;\u015eincan (Yeni B\u00f6lge)&#8221; olarak adland\u0131rd\u0131\u011f\u0131 Do\u011fu T\u00fcrkistan, s\u00fcrg\u00fcndeki \u00f6nemli bir siyasi fig\u00fcr\u00fcn\u00fc kaybetti. Do\u011fu T\u00fcrkistan S\u00fcrg\u00fcn H\u00fck\u00fcmeti (ETGE) kurucu ba\u015fkan\u0131 Ahmet \u0130gemberdi, 20 Nisan 2026 tarihinde Avustralya&#8217;n\u0131n Adelaide \u015fehrinde 89 ya\u015f\u0131nda hayat\u0131n\u0131 kaybetti. ETGE yapt\u0131\u011f\u0131 resmi a\u00e7\u0131klamada vefat\u0131n\u0131 teyit ederek, diasporadaki siyasi \u00f6rg\u00fctlenme ve hak savunuculu\u011fu alan\u0131ndaki onlarca y\u0131ll\u0131k bir d\u00f6nemin sona erdi\u011fini duyurdu.<\/p>\n\n<p>ETGE, \u0130gemberdi&#8217;nin Pazartesi sabaha kar\u015f\u0131 vefat etti\u011fini bildirdi. Mevcut ETGE Ba\u015fkan\u0131 Dr. Mamtimin Ala, \u0130gemberdi&#8217;nin liderli\u011fine ve yurt d\u0131\u015f\u0131ndaki Do\u011fu T\u00fcrkistanl\u0131lar aras\u0131ndaki siyasi mobilizasyona katk\u0131lar\u0131na vurgu yaparak haberi duyurdu.<\/p>\n\n<p>\u0130gemberdi, ETGE&#8217;nin 2004 y\u0131l\u0131nda Washington DC&#8217;de kurulmas\u0131n\u0131n ard\u0131ndan ilk devlet ba\u015fkan\u0131 olarak g\u00f6rev yapt\u0131. Bu g\u00f6revi 2015 y\u0131l\u0131na kadar s\u00fcrd\u00fcrd\u00fc. ETGE, kendisini \u00f6rg\u00fct\u00fcn en uzun s\u00fcre g\u00f6rev yapan ba\u015fkan\u0131 olarak tan\u0131ml\u0131yor.<\/p>\n\n<hr class=\"wp-block-separator has-alpha-channel-opacity\"\/>\n\n<h2 class=\"wp-block-heading\">Gen\u00e7lik y\u0131llar\u0131, hapis hayat\u0131 ve Do\u011fu T\u00fcrkistan&#8217;dan ayr\u0131l\u0131\u015f\u0131<\/h2>\n\n<p>4 Nisan 1937&#8217;de Be\u015fbal\u0131k&#8217;ta do\u011fan \u0130gemberdi, Urum\u00e7i&#8217;de ve daha sonra \u00d6zbekistan&#8217;\u0131n Ta\u015fkent \u015fehrinde e\u011fitim g\u00f6rd\u00fc. \u00d6\u011fretmenlik ve gazetecilik yapt\u0131; ETGE taraf\u0131ndan k\u00fclt\u00fcrel ifade platformlar\u0131 olarak tan\u0131mlanan Tar\u0131m ve Miras gibi edebi yay\u0131nlarda edit\u00f6rl\u00fck g\u00f6revini \u00fcstlendi.<\/p>\n\n<p>ETGE kay\u0131tlar\u0131na g\u00f6re, 1969 y\u0131l\u0131nda \u00c7inli yetkililer taraf\u0131ndan &#8220;kar\u015f\u0131 devrimci&#8221; ve &#8220;yerel milliyet\u00e7i&#8221; olmakla su\u00e7land\u0131. \u00d6rg\u00fct, \u0130gemberdi&#8217;nin on y\u0131l boyunca hapis yatt\u0131\u011f\u0131n\u0131 ve zorunlu \u00e7al\u0131\u015ft\u0131rmaya tabi tutuldu\u011funu belirtmektedir. \u00c7in h\u00fck\u00fcmetinin davaya ili\u015fkin kay\u0131tlar\u0131, haberin yay\u0131nland\u0131\u011f\u0131 s\u0131rada ba\u011f\u0131ms\u0131z kaynaklarca do\u011frulanmam\u0131\u015ft\u0131r.<\/p>\n\n<p>1979&#8217;da serbest b\u0131rak\u0131ld\u0131ktan sonra \u0130gemberdi k\u0131sa bir s\u00fcre edit\u00f6rl\u00fck i\u015fine geri d\u00f6nd\u00fc. Ard\u0131ndan 1985 y\u0131l\u0131nda Avustralya&#8217;ya gitti ve \u00f6mr\u00fcn\u00fcn geri kalan\u0131n\u0131 burada ge\u00e7irdi.<\/p>\n\n<hr class=\"wp-block-separator has-alpha-channel-opacity\"\/>\n\n<h2 class=\"wp-block-heading\">Diaspora siyasi \u00f6rg\u00fctlenmesi ve ETGE&#8217;nin kurulu\u015fu<\/h2>\n\n<p>Adelaide&#8217;da \u0130gemberdi, 1992 y\u0131l\u0131nda Avustralya Do\u011fu T\u00fcrkistan Derne\u011fi&#8217;ni kurdu. ETGE a\u00e7\u0131klamalar\u0131na g\u00f6re dernek; dil e\u011fitimi, k\u00fclt\u00fcrel faaliyetler ve s\u0131\u011f\u0131nmac\u0131lara yard\u0131m konular\u0131na odakland\u0131.<\/p>\n\n<p>Ayn\u0131 y\u0131l \u0130stanbul&#8217;da Do\u011fu T\u00fcrkistan Milli Kurultay\u0131&#8217;n\u0131 toplad\u0131 ve 1997 y\u0131l\u0131na kadar kurucu ba\u015fkanl\u0131\u011f\u0131n\u0131 y\u00fcr\u00fctt\u00fc. Bu \u00e7abalar, daha sonra uluslararas\u0131 d\u00fczeye yay\u0131lan diaspora siyasi yap\u0131lar\u0131n\u0131n olu\u015fmas\u0131na katk\u0131 sa\u011flad\u0131.<\/p>\n\n<p>2004 y\u0131l\u0131nda ETGE&#8217;nin kurucu ba\u015fkan\u0131 olarak se\u00e7ilmesi, s\u00fcrg\u00fcn topluluklar\u0131 aras\u0131ndaki siyasi \u00f6rg\u00fctlenme \u00e7abalar\u0131n\u0131 resmile\u015ftirdi. Dr. Ala, \u0130gemberdi&#8217;nin ba\u011f\u0131ms\u0131zl\u0131\u011f\u0131 her zaman \u00f6rg\u00fct \u00e7al\u0131\u015fmalar\u0131n\u0131n merkezi hedefi olarak vurgulad\u0131\u011f\u0131n\u0131 belirtti.<\/p>\n\n<hr class=\"wp-block-separator has-alpha-channel-opacity\"\/>\n\n<h2 class=\"wp-block-heading\">Edebi eserleri ve gelecek nesiller \u00fczerindeki etkisi<\/h2>\n\n<p>\u0130gemberdi ayn\u0131 zamanda T\u00fcrk\u00e7e, Kazak\u00e7a, Rus\u00e7a ve \u0130ngilizce dillerinde yay\u0131mlad\u0131\u011f\u0131 eserleriyle edebi kimli\u011fiyle de tan\u0131n\u0131yordu. Yaz\u0131lar\u0131, Do\u011fu T\u00fcrkistan&#8217;a ili\u015fkin tarihi anlat\u0131lar\u0131 ve siyasi perspektifleri ele al\u0131yordu.<\/p>\n\n<p>Yay\u0131mlanan eserleri aras\u0131nda Do\u011fu T\u00fcrkistan: T\u00fcrk D\u00fcnyas\u0131n\u0131n Kanayan Yaras\u0131 ve Do\u011fu T\u00fcrkistan ve Milli Ba\u011f\u0131ms\u0131zl\u0131k bulunmaktad\u0131r. ETGE kaynaklar\u0131na g\u00f6re otobiyografisi, \u00c7in y\u00f6netimi alt\u0131ndaki deneyimlerini ve sonras\u0131ndaki s\u00fcrg\u00fcn hayat\u0131n\u0131 detayland\u0131rmaktad\u0131r.<\/p>\n\n<p>Dr. Ala, ETGE a\u00e7\u0131klamas\u0131nda onun gen\u00e7 aktivistler \u00fczerindeki etkisini dile getirdi.<\/p>\n\n<p>Dr. Ala, &#8220;O bana ve bir nesil Do\u011fu T\u00fcrkistanl\u0131ya, vatan\u0131m\u0131z i\u00e7in m\u00fccadelenin bir kolayl\u0131k meselesi olmad\u0131\u011f\u0131n\u0131, bir vicdan meselesi oldu\u011funu \u00f6\u011fretti,&#8221; dedi.<\/p>\n\n<p>ETGE, \u0130gemberdi&#8217;nin yakla\u015f\u0131k k\u0131rk y\u0131l ya\u015fad\u0131\u011f\u0131 Adelaide&#8217;daki toplum i\u015flerinde aktif kalmaya devam etti\u011fini bildirdi.<\/p>\n\n<hr class=\"wp-block-separator has-alpha-channel-opacity\"\/>\n\n<h2 class=\"wp-block-heading\">ETGE taziye dileklerini iletti; \u00c7in&#8217;den a\u00e7\u0131klama gelmedi<\/h2>\n\n<p>ETGE, ailesine ve d\u00fcnya genelindeki Do\u011fu T\u00fcrkistan topluluklar\u0131na taziyelerini sundu. \u00d6rg\u00fct, mevcut liderli\u011fin onun g\u00f6rev s\u00fcresi boyunca ba\u015flat\u0131lan giri\u015fimleri s\u00fcrd\u00fcrme niyetinde oldu\u011funu ifade etti.<\/p>\n\n<p>Haberin yay\u0131nland\u0131\u011f\u0131 saat itibar\u0131yla \u00c7inli yetkililer taraf\u0131ndan \u0130gemberdi&#8217;nin \u00f6l\u00fcm\u00fcyle ilgili resmi bir a\u00e7\u0131klama yap\u0131lmad\u0131.<\/p>\n\n<hr class=\"wp-block-separator has-alpha-channel-opacity\"\/>\n\n<p><em>The East Turkistan Post ba\u011f\u0131ms\u0131z bir haber yay\u0131n\u0131d\u0131r. T\u00fcm iddialar ilgili kaynaklara atfedilmi\u015ftir. \u0130gemberdi&#8217;nin hapis cezas\u0131na ili\u015fkin \u00c7in h\u00fck\u00fcmeti kay\u0131tlar\u0131 bu rapor i\u00e7in ba\u011f\u0131ms\u0131z olarak do\u011frulanmam\u0131\u015ft\u0131r.<\/em><\/p>\n","protected":false},"excerpt":{"rendered":"<p>\u00d6zet: S\u00fcrg\u00fcn lider Ahmet \u0130gemberdi, onlarca y\u0131l s\u00fcren siyasi ve edebi \u00e7al\u0131\u015fmalar\u0131n\u0131n ard\u0131ndan Avustralya&#8217;da vefat etti. The East Turkistan Post Taraf\u0131ndan | 20 Nisan 2026 ADELAIDE \u2014 Pekin&#8217;in &#8220;\u015eincan (Yeni B\u00f6lge)&#8221; olarak adland\u0131rd\u0131\u011f\u0131 Do\u011fu T\u00fcrkistan, s\u00fcrg\u00fcndeki \u00f6nemli bir siyasi fig\u00fcr\u00fcn\u00fc kaybetti. Do\u011fu T\u00fcrkistan S\u00fcrg\u00fcn H\u00fck\u00fcmeti (ETGE) kurucu ba\u015fkan\u0131 Ahmet \u0130gemberdi, 20 Nisan 2026 tarihinde Avustralya&#8217;n\u0131n [&hellip;]<\/p>\n","protected":false},"author":2,"featured_media":1982,"comment_status":"closed","ping_status":"closed","sticky":false,"template":"","format":"standard","meta":{"om_disable_all_campaigns":false,"_monsterinsights_skip_tracking":false,"_monsterinsights_sitenote_active":false,"_monsterinsights_sitenote_note":"","_monsterinsights_sitenote_category":0,"jnews-multi-image_gallery":[],"jnews_single_post":[],"jnews_primary_category":[],"jnews_post_split":[],"footnotes":""},"categories":[378,322,343,320],"tags":[380,379,381],"class_list":["post-1983","post","type-post","status-publish","format-standard","has-post-thumbnail","hentry","category-infografikler","category-saglik","category-surgun","category-tarih","tag-ahmet-igemberdi","tag-dogu-turkistan","tag-etge"],"aioseo_notices":[],"_links":{"self":[{"href":"https:\/\/turkistanpost.com\/tr\/wp-json\/wp\/v2\/posts\/1983","targetHints":{"allow":["GET"]}}],"collection":[{"href":"https:\/\/turkistanpost.com\/tr\/wp-json\/wp\/v2\/posts"}],"about":[{"href":"https:\/\/turkistanpost.com\/tr\/wp-json\/wp\/v2\/types\/post"}],"author":[{"embeddable":true,"href":"https:\/\/turkistanpost.com\/tr\/wp-json\/wp\/v2\/users\/2"}],"replies":[{"embeddable":true,"href":"https:\/\/turkistanpost.com\/tr\/wp-json\/wp\/v2\/comments?post=1983"}],"version-history":[{"count":1,"href":"https:\/\/turkistanpost.com\/tr\/wp-json\/wp\/v2\/posts\/1983\/revisions"}],"predecessor-version":[{"id":1984,"href":"https:\/\/turkistanpost.com\/tr\/wp-json\/wp\/v2\/posts\/1983\/revisions\/1984"}],"wp:featuredmedia":[{"embeddable":true,"href":"https:\/\/turkistanpost.com\/tr\/wp-json\/wp\/v2\/media\/1982"}],"wp:attachment":[{"href":"https:\/\/turkistanpost.com\/tr\/wp-json\/wp\/v2\/media?parent=1983"}],"wp:term":[{"taxonomy":"category","embeddable":true,"href":"https:\/\/turkistanpost.com\/tr\/wp-json\/wp\/v2\/categories?post=1983"},{"taxonomy":"post_tag","embeddable":true,"href":"https:\/\/turkistanpost.com\/tr\/wp-json\/wp\/v2\/tags?post=1983"}],"curies":[{"name":"wp","href":"https:\/\/api.w.org\/{rel}","templated":true}]}}