{"id":1928,"date":"2026-04-09T11:46:36","date_gmt":"2026-04-09T11:46:36","guid":{"rendered":"https:\/\/turkistanpost.com\/etge-dogu-turkistan-milli-ordusu-anma-gununun-81-yildonumunu-kaydetti\/"},"modified":"2026-04-09T11:46:36","modified_gmt":"2026-04-09T11:46:36","slug":"etge-dogu-turkistan-milli-ordusu-anma-gununun-81-yildonumunu-kaydetti","status":"publish","type":"post","link":"https:\/\/turkistanpost.com\/tr\/etge-dogu-turkistan-milli-ordusu-anma-gununun-81-yildonumunu-kaydetti\/","title":{"rendered":"ETGE, Do\u011fu T\u00fcrkistan Milli Ordusu Anma G\u00fcn\u00fc&#8217;n\u00fcn 81. Y\u0131ld\u00f6n\u00fcm\u00fcn\u00fc Kaydetti"},"content":{"rendered":"<p data-path-to-node=\"33\">S\u00fcrg\u00fcn h\u00fck\u00fcmeti, 1945 y\u0131l\u0131nda \u0130kinci Cumhuriyeti savunmak amac\u0131yla kurulan orduyu an\u0131yor.<\/p>\n<p data-path-to-node=\"33\">\u00a0WASHINGTON \u2014 Pekin&#8217;in &#8220;\u015eincan (Yeni B\u00f6lge)&#8221; olarak adland\u0131rd\u0131\u011f\u0131 Do\u011fu T\u00fcrkistan, bu hafta yay\u0131nlanan Do\u011fu T\u00fcrkistan S\u00fcrg\u00fcn H\u00fck\u00fcmeti (ETGE) a\u00e7\u0131klamas\u0131na g\u00f6re, Do\u011fu T\u00fcrkistan Milli Ordusu Anma G\u00fcn\u00fc&#8217;n\u00fcn 81. y\u0131ld\u00f6n\u00fcm\u00fcnde an\u0131l\u0131yor. S\u00fcrg\u00fcn h\u00fck\u00fcmeti, 8 Nisan 1945&#8217;te Gulca&#8217;da Do\u011fu T\u00fcrkistan Milli Ordusu&#8217;nun kurulu\u015funu yad ederek, bu orduyu \u0130kinci Do\u011fu T\u00fcrkistan Cumhuriyeti&#8217;nin silahl\u0131 g\u00fcc\u00fc olarak tan\u0131ml\u0131yor.<\/p>\n<p data-path-to-node=\"34\">Anma t\u00f6reni, ordunun 1945 ile 1949 y\u0131llar\u0131 aras\u0131ndaki rol\u00fcn\u00fc vurguluyor ve o d\u00f6nemde hayat\u0131n\u0131 kaybeden askerleri onurland\u0131r\u0131yor. ETGE materyalleri, Milli Ordu&#8217;nun birlikleri Aral\u0131k 1949&#8217;da \u00c7in Halk Kurtulu\u015f Ordusu&#8217;na dahil edilene kadar resmi bir askeri kurum olarak faaliyet g\u00f6sterdi\u011fini belirtiyor.<\/p>\n<p data-path-to-node=\"35\">\u0130kinci Cumhuriyeti Savunmak \u0130\u00e7in Kurulan Ordu ETGE tarihi belgelerine g\u00f6re, Do\u011fu T\u00fcrkistan Milli Ordusu, merkezi Gulca (Yining olarak da bilinir) olan \u0130kinci Do\u011fu T\u00fcrkistan Cumhuriyeti&#8217;nin 12 Kas\u0131m 1944&#8217;teki ba\u011f\u0131ms\u0131zl\u0131k ilan\u0131n\u0131n ard\u0131ndan mevcut silahl\u0131 gruplardan olu\u015fturuldu. Ordu, Nisan 1945&#8217;te bir askeri ge\u00e7it t\u00f6reniyle resmen a\u00e7\u0131ld\u0131 ve \u00e7ok say\u0131da alay ile tabur \u015feklinde organize edildi.<\/p>\n<p data-path-to-node=\"36\">ETGE a\u00e7\u0131klamas\u0131nda, &#8220;Do\u011fu T\u00fcrkistan Milli Ordusu, vatan\u0131m\u0131z\u0131 \u00c7in i\u015fgal g\u00fc\u00e7lerinden korumak ve kendi kaderini tayin hakk\u0131m\u0131z\u0131 muhafaza etmek i\u00e7in 12 Nisan 1945&#8217;te kuruldu&#8221; deniliyor. S\u00fcrg\u00fcn h\u00fck\u00fcmeti, kuvvetin nihayetinde yakla\u015f\u0131k 40.000 aktif asker ve ek yedek personelden olu\u015ftu\u011funu, \u00c7in Milliyet\u00e7i mevzilerine kar\u015f\u0131 birka\u00e7 cephede operasyonlar y\u00fcr\u00fctt\u00fc\u011f\u00fcn\u00fc ifade ediyor.<\/p>\n<p data-path-to-node=\"37\">ETGE, orduyu 18. y\u00fczy\u0131ldaki Man\u00e7u Qing istilas\u0131ndan bu yana geli\u015fen direni\u015f hareketlerinin zirvesi olarak nitelendiriyor.<\/p>\n<p data-path-to-node=\"38\">1949 \u0130lhak\u0131 ve Operasyonlar\u0131n Sonu ETGE taraf\u0131ndan at\u0131fta bulunulan tarihi kay\u0131tlar, \u0130kinci Cumhuriyet&#8217;in siyasi ve askeri fig\u00fcrleri i\u00e7eren \u00fcst d\u00fczey liderlerinin, \u00c7in Halk Siyasi Dan\u0131\u015fma Konferans\u0131&#8217;n\u0131n a\u00e7\u0131l\u0131\u015f oturumuna kat\u0131lmak \u00fczere A\u011fustos 1949&#8217;da Moskova&#8217;ya hareket etti\u011fini not ediyor. Ara\u015ft\u0131rmac\u0131lar taraf\u0131ndan al\u0131nt\u0131lanan Sovyet ar\u015fiv kay\u0131tlar\u0131, delegasyonu ta\u015f\u0131yan u\u00e7a\u011f\u0131n \u0130rkutsk yak\u0131nlar\u0131nda d\u00fc\u015ft\u00fc\u011f\u00fcn\u00fc ve kurtulan olmad\u0131\u011f\u0131n\u0131 bildiriyor.<\/p>\n<p data-path-to-node=\"39\">Sonraki belgeler, 22 Aral\u0131k 1949 itibar\u0131yla, \u00c7in Kom\u00fcnistlerinin Do\u011fu T\u00fcrkistan \u00fczerindeki kontrol\u00fcn\u00fc sa\u011flamla\u015ft\u0131rmas\u0131n\u0131n bir par\u00e7as\u0131 olarak Do\u011fu T\u00fcrkistan Milli Ordusu&#8217;nun Halk Kurtulu\u015f Ordusu&#8217;na dahil edildi\u011fini g\u00f6steriyor. ETGE kay\u0131tlar\u0131, bu birle\u015fmenin ba\u011f\u0131ms\u0131z bir Do\u011fu T\u00fcrkistan komutas\u0131 alt\u0131ndaki organize operasyonlar\u0131n sonu oldu\u011funu belirtiyor.<\/p>\n<p data-path-to-node=\"40\">\u00c7at\u0131\u015fan Anlat\u0131lar \u00c7in h\u00fck\u00fcmet kaynaklar\u0131, 1949 olaylar\u0131n\u0131, kendi tabiriyle Sincan Uygur \u00d6zerk B\u00f6lgesi&#8217;nin bar\u0131\u015f\u00e7\u0131l kurtulu\u015fu ve entegrasyonu olarak tan\u0131ml\u0131yor; yerel g\u00fc\u00e7lerin Halk Kurtulu\u015f Ordusu&#8217;na kat\u0131l\u0131m\u0131n\u0131 ise bir i\u00e7 siyasi \u00e7\u00f6z\u00fcm\u00fcn par\u00e7as\u0131 olarak sunuyor. Pekin, Do\u011fu T\u00fcrkistan Cumhuriyeti&#8217;ni egemen bir devlet, Milli Ordu&#8217;yu ise ayr\u0131 bir ulusal savunma g\u00fcc\u00fc olarak tan\u0131m\u0131yor.<\/p>\n<p data-path-to-node=\"41\">ETGE farkl\u0131 bir pozisyon alarak, Anma G\u00fcn\u00fc&#8217;n\u00fcn 1944&#8217;ten 1949&#8217;a kadar ba\u011f\u0131ms\u0131z bir h\u00fck\u00fcmeti savunan bir milli ordunun kurumsal haf\u0131zas\u0131n\u0131 korumay\u0131 ama\u00e7lad\u0131\u011f\u0131n\u0131 belirtiyor. S\u00fcrg\u00fcn h\u00fck\u00fcmeti, Do\u011fu T\u00fcrkistan Milli Ordusu&#8217;nun tarihi stat\u00fcs\u00fcn\u00fcn uluslararas\u0131 d\u00fczeyde tan\u0131nmas\u0131 \u00e7a\u011fr\u0131s\u0131nda bulunuyor ve mevcut ar\u015fiv kaynaklar\u0131n\u0131 kullanarak kuvvetin faaliyetlerini belgelemeye devam edece\u011fini s\u00f6yl\u00fcyor.<\/p>\n<p data-path-to-node=\"42\">The East Turkistan Post ba\u011f\u0131ms\u0131z bir haber yay\u0131n\u0131d\u0131r. T\u00fcm iddialar ilgili kaynaklara atfedilmi\u015ftir.<\/p>\n","protected":false},"excerpt":{"rendered":"<p>S\u00fcrg\u00fcn h\u00fck\u00fcmeti, 1945 y\u0131l\u0131nda \u0130kinci Cumhuriyeti savunmak amac\u0131yla kurulan orduyu an\u0131yor. \u00a0WASHINGTON \u2014 Pekin&#8217;in &#8220;\u015eincan (Yeni B\u00f6lge)&#8221; olarak adland\u0131rd\u0131\u011f\u0131 Do\u011fu T\u00fcrkistan, bu hafta yay\u0131nlanan Do\u011fu T\u00fcrkistan S\u00fcrg\u00fcn H\u00fck\u00fcmeti (ETGE) a\u00e7\u0131klamas\u0131na g\u00f6re, Do\u011fu T\u00fcrkistan Milli Ordusu Anma G\u00fcn\u00fc&#8217;n\u00fcn 81. y\u0131ld\u00f6n\u00fcm\u00fcnde an\u0131l\u0131yor. S\u00fcrg\u00fcn h\u00fck\u00fcmeti, 8 Nisan 1945&#8217;te Gulca&#8217;da Do\u011fu T\u00fcrkistan Milli Ordusu&#8217;nun kurulu\u015funu yad ederek, bu orduyu [&hellip;]<\/p>\n","protected":false},"author":2,"featured_media":0,"comment_status":"closed","ping_status":"closed","sticky":false,"template":"","format":"standard","meta":{"om_disable_all_campaigns":false,"_monsterinsights_skip_tracking":false,"jnews-multi-image_gallery":[],"jnews_single_post":[],"jnews_primary_category":[],"jnews_post_split":[],"footnotes":""},"categories":[319,320],"tags":[],"class_list":["post-1928","post","type-post","status-publish","format-standard","hentry","category-dogu-turkistan","category-tarih"],"aioseo_notices":[],"aioseo_head":"\n\t\t<!-- All in One SEO Pro 5.0.1.1 - aioseo.com -->\n\t<meta name=\"description\" content=\"S\u00fcrg\u00fcn h\u00fck\u00fcmeti, 1945 y\u0131l\u0131nda \u0130kinci Cumhuriyeti savunmak amac\u0131yla kurulan orduyu an\u0131yor. WASHINGTON \u2014 Pekin&#039;in &quot;\u015eincan (Yeni B\u00f6lge)&quot; olarak adland\u0131rd\u0131\u011f\u0131 Do\u011fu T\u00fcrkistan, bu hafta yay\u0131nlanan Do\u011fu T\u00fcrkistan S\u00fcrg\u00fcn H\u00fck\u00fcmeti (ETGE) a\u00e7\u0131klamas\u0131na g\u00f6re, Do\u011fu T\u00fcrkistan Milli Ordusu Anma G\u00fcn\u00fc&#039;n\u00fcn 81. y\u0131ld\u00f6n\u00fcm\u00fcnde an\u0131l\u0131yor. S\u00fcrg\u00fcn h\u00fck\u00fcmeti, 8 Nisan 1945&#039;te Gulca&#039;da Do\u011fu T\u00fcrkistan Milli Ordusu&#039;nun kurulu\u015funu yad ederek, bu orduyu\" \/>\n\t<meta name=\"robots\" content=\"max-image-preview:large\" \/>\n\t<meta name=\"author\" content=\"ETPostEditor\"\/>\n\t<meta name=\"google-site-verification\" content=\"63yYCHe0-6aFAdA5O_esQ76Maz5TyNKbfIHmdwfmivE\" \/>\n\t<link rel=\"canonical\" href=\"https:\/\/turkistanpost.com\/tr\/etge-dogu-turkistan-milli-ordusu-anma-gununun-81-yildonumunu-kaydetti\/\" \/>\n\t<meta name=\"generator\" content=\"All in One SEO Pro (AIOSEO) 5.0.1.1\" \/>\n\t\t<meta property=\"og:locale\" content=\"tr_TR\" \/>\n\t\t<meta property=\"og:site_name\" content=\"Do\u011fu T\u00fcrkistan Postas\u0131 |\" \/>\n\t\t<meta property=\"og:type\" content=\"article\" \/>\n\t\t<meta property=\"og:title\" content=\"ETGE, Do\u011fu T\u00fcrkistan Milli Ordusu Anma G\u00fcn\u00fc\u2019n\u00fcn 81. Y\u0131ld\u00f6n\u00fcm\u00fcn\u00fc Kaydetti | Do\u011fu T\u00fcrkistan Postas\u0131\" \/>\n\t\t<meta property=\"og:description\" content=\"S\u00fcrg\u00fcn h\u00fck\u00fcmeti, 1945 y\u0131l\u0131nda \u0130kinci Cumhuriyeti savunmak amac\u0131yla kurulan orduyu an\u0131yor. WASHINGTON \u2014 Pekin&#039;in &quot;\u015eincan (Yeni B\u00f6lge)&quot; olarak adland\u0131rd\u0131\u011f\u0131 Do\u011fu T\u00fcrkistan, bu hafta yay\u0131nlanan Do\u011fu T\u00fcrkistan S\u00fcrg\u00fcn H\u00fck\u00fcmeti (ETGE) a\u00e7\u0131klamas\u0131na g\u00f6re, Do\u011fu T\u00fcrkistan Milli Ordusu Anma G\u00fcn\u00fc&#039;n\u00fcn 81. y\u0131ld\u00f6n\u00fcm\u00fcnde an\u0131l\u0131yor. S\u00fcrg\u00fcn h\u00fck\u00fcmeti, 8 Nisan 1945&#039;te Gulca&#039;da Do\u011fu T\u00fcrkistan Milli Ordusu&#039;nun kurulu\u015funu yad ederek, bu orduyu\" \/>\n\t\t<meta property=\"og:url\" content=\"https:\/\/turkistanpost.com\/tr\/etge-dogu-turkistan-milli-ordusu-anma-gununun-81-yildonumunu-kaydetti\/\" \/>\n\t\t<meta property=\"article:published_time\" content=\"2026-04-09T11:46:36+00:00\" \/>\n\t\t<meta property=\"article:modified_time\" content=\"2026-04-09T11:46:36+00:00\" \/>\n\t\t<meta property=\"article:publisher\" content=\"https:\/\/facebook.com\/turkistanpost\" \/>\n\t\t<meta name=\"twitter:card\" content=\"summary_large_image\" \/>\n\t\t<meta name=\"twitter:site\" content=\"@turkistanpost\" \/>\n\t\t<meta name=\"twitter:title\" content=\"ETGE, Do\u011fu T\u00fcrkistan Milli Ordusu Anma G\u00fcn\u00fc\u2019n\u00fcn 81. Y\u0131ld\u00f6n\u00fcm\u00fcn\u00fc Kaydetti | Do\u011fu T\u00fcrkistan Postas\u0131\" \/>\n\t\t<meta name=\"twitter:description\" content=\"S\u00fcrg\u00fcn h\u00fck\u00fcmeti, 1945 y\u0131l\u0131nda \u0130kinci Cumhuriyeti savunmak amac\u0131yla kurulan orduyu an\u0131yor. WASHINGTON \u2014 Pekin&#039;in &quot;\u015eincan (Yeni B\u00f6lge)&quot; olarak adland\u0131rd\u0131\u011f\u0131 Do\u011fu T\u00fcrkistan, bu hafta yay\u0131nlanan Do\u011fu T\u00fcrkistan S\u00fcrg\u00fcn H\u00fck\u00fcmeti (ETGE) a\u00e7\u0131klamas\u0131na g\u00f6re, Do\u011fu T\u00fcrkistan Milli Ordusu Anma G\u00fcn\u00fc&#039;n\u00fcn 81. y\u0131ld\u00f6n\u00fcm\u00fcnde an\u0131l\u0131yor. S\u00fcrg\u00fcn h\u00fck\u00fcmeti, 8 Nisan 1945&#039;te Gulca&#039;da Do\u011fu T\u00fcrkistan Milli Ordusu&#039;nun kurulu\u015funu yad ederek, bu orduyu\" \/>\n\t\t<meta name=\"twitter:creator\" content=\"@turkistanpost\" \/>\n\t\t<script type=\"application\/ld+json\" class=\"aioseo-schema\">\n\t\t\t{\"@context\":\"https:\\\/\\\/schema.org\",\"@graph\":[{\"@type\":\"BlogPosting\",\"@id\":\"https:\\\/\\\/turkistanpost.com\\\/tr\\\/etge-dogu-turkistan-milli-ordusu-anma-gununun-81-yildonumunu-kaydetti\\\/#blogposting\",\"name\":\"ETGE, Do\\u011fu T\\u00fcrkistan Milli Ordusu Anma G\\u00fcn\\u00fc\\u2019n\\u00fcn 81. Y\\u0131ld\\u00f6n\\u00fcm\\u00fcn\\u00fc Kaydetti | Do\\u011fu T\\u00fcrkistan Postas\\u0131\",\"headline\":\"ETGE, Do\\u011fu T\\u00fcrkistan Milli Ordusu Anma G\\u00fcn\\u00fc&#8217;n\\u00fcn 81. Y\\u0131ld\\u00f6n\\u00fcm\\u00fcn\\u00fc Kaydetti\",\"author\":{\"@id\":\"https:\\\/\\\/turkistanpost.com\\\/tr\\\/author\\\/etposteditor\\\/#author\"},\"publisher\":{\"@id\":\"https:\\\/\\\/turkistanpost.com\\\/tr\\\/#organization\"},\"image\":{\"@type\":\"ImageObject\",\"url\":\"https:\\\/\\\/turkistanpost.com\\\/wp-content\\\/uploads\\\/2025\\\/12\\\/cropped-Site-Icon.png\",\"@id\":\"https:\\\/\\\/turkistanpost.com\\\/tr\\\/#articleImage\",\"width\":512,\"height\":512},\"datePublished\":\"2026-04-09T11:46:36+00:00\",\"dateModified\":\"2026-04-09T11:46:36+00:00\",\"inLanguage\":\"tr-TR\",\"mainEntityOfPage\":{\"@id\":\"https:\\\/\\\/turkistanpost.com\\\/tr\\\/etge-dogu-turkistan-milli-ordusu-anma-gununun-81-yildonumunu-kaydetti\\\/#webpage\"},\"isPartOf\":{\"@id\":\"https:\\\/\\\/turkistanpost.com\\\/tr\\\/etge-dogu-turkistan-milli-ordusu-anma-gununun-81-yildonumunu-kaydetti\\\/#webpage\"},\"articleSection\":\"Do\\u011fu T\\u00fcrkistan, Tarih, \\u0130ste\\u011fe Ba\\u011fl\\u0131\"},{\"@type\":\"BreadcrumbList\",\"@id\":\"https:\\\/\\\/turkistanpost.com\\\/tr\\\/etge-dogu-turkistan-milli-ordusu-anma-gununun-81-yildonumunu-kaydetti\\\/#breadcrumblist\",\"itemListElement\":[{\"@type\":\"ListItem\",\"@id\":\"https:\\\/\\\/turkistanpost.com\\\/tr\\\/#listItem\",\"position\":1,\"name\":\"Home\",\"item\":\"https:\\\/\\\/turkistanpost.com\\\/tr\\\/\",\"nextItem\":{\"@type\":\"ListItem\",\"@id\":\"https:\\\/\\\/turkistanpost.com\\\/tr\\\/category\\\/dogu-turkistan\\\/#listItem\",\"name\":\"Do\\u011fu T\\u00fcrkistan\"}},{\"@type\":\"ListItem\",\"@id\":\"https:\\\/\\\/turkistanpost.com\\\/tr\\\/category\\\/dogu-turkistan\\\/#listItem\",\"position\":2,\"name\":\"Do\\u011fu T\\u00fcrkistan\",\"item\":\"https:\\\/\\\/turkistanpost.com\\\/tr\\\/category\\\/dogu-turkistan\\\/\",\"nextItem\":{\"@type\":\"ListItem\",\"@id\":\"https:\\\/\\\/turkistanpost.com\\\/tr\\\/etge-dogu-turkistan-milli-ordusu-anma-gununun-81-yildonumunu-kaydetti\\\/#listItem\",\"name\":\"ETGE, Do\\u011fu T\\u00fcrkistan Milli Ordusu Anma G\\u00fcn\\u00fc&#8217;n\\u00fcn 81. Y\\u0131ld\\u00f6n\\u00fcm\\u00fcn\\u00fc Kaydetti\"},\"previousItem\":{\"@type\":\"ListItem\",\"@id\":\"https:\\\/\\\/turkistanpost.com\\\/tr\\\/#listItem\",\"name\":\"Home\"}},{\"@type\":\"ListItem\",\"@id\":\"https:\\\/\\\/turkistanpost.com\\\/tr\\\/etge-dogu-turkistan-milli-ordusu-anma-gununun-81-yildonumunu-kaydetti\\\/#listItem\",\"position\":3,\"name\":\"ETGE, Do\\u011fu T\\u00fcrkistan Milli Ordusu Anma G\\u00fcn\\u00fc&#8217;n\\u00fcn 81. Y\\u0131ld\\u00f6n\\u00fcm\\u00fcn\\u00fc Kaydetti\",\"previousItem\":{\"@type\":\"ListItem\",\"@id\":\"https:\\\/\\\/turkistanpost.com\\\/tr\\\/category\\\/dogu-turkistan\\\/#listItem\",\"name\":\"Do\\u011fu T\\u00fcrkistan\"}}]},{\"@type\":\"Organization\",\"@id\":\"https:\\\/\\\/turkistanpost.com\\\/tr\\\/#organization\",\"name\":\"Do\\u011fu T\\u00fcrkistan Postas\\u0131\",\"url\":\"https:\\\/\\\/turkistanpost.com\\\/tr\\\/\",\"logo\":{\"@type\":\"ImageObject\",\"url\":\"https:\\\/\\\/turkistanpost.com\\\/wp-content\\\/uploads\\\/2025\\\/12\\\/cropped-Site-Icon.png\",\"@id\":\"https:\\\/\\\/turkistanpost.com\\\/tr\\\/etge-dogu-turkistan-milli-ordusu-anma-gununun-81-yildonumunu-kaydetti\\\/#organizationLogo\",\"width\":512,\"height\":512},\"image\":{\"@id\":\"https:\\\/\\\/turkistanpost.com\\\/tr\\\/etge-dogu-turkistan-milli-ordusu-anma-gununun-81-yildonumunu-kaydetti\\\/#organizationLogo\"},\"sameAs\":[\"https:\\\/\\\/facebook.com\\\/turkistanpost\",\"https:\\\/\\\/x.com\\\/turkistanpost\",\"https:\\\/\\\/instagram.com\\\/turkistanpost\",\"https:\\\/\\\/linkedin.com\\\/company\\\/turkistanpost\"]},{\"@type\":\"Person\",\"@id\":\"https:\\\/\\\/turkistanpost.com\\\/tr\\\/author\\\/etposteditor\\\/#author\",\"url\":\"https:\\\/\\\/turkistanpost.com\\\/tr\\\/author\\\/etposteditor\\\/\",\"name\":\"ETPostEditor\",\"image\":{\"@type\":\"ImageObject\",\"@id\":\"https:\\\/\\\/turkistanpost.com\\\/tr\\\/etge-dogu-turkistan-milli-ordusu-anma-gununun-81-yildonumunu-kaydetti\\\/#authorImage\",\"url\":\"https:\\\/\\\/secure.gravatar.com\\\/avatar\\\/7999de4ea6962a023c24d9e5e0b5ad1459704d60052771444c69aa4a55599671?s=96&d=mm&r=g\",\"width\":96,\"height\":96,\"caption\":\"ETPostEditor\"}},{\"@type\":\"WebPage\",\"@id\":\"https:\\\/\\\/turkistanpost.com\\\/tr\\\/etge-dogu-turkistan-milli-ordusu-anma-gununun-81-yildonumunu-kaydetti\\\/#webpage\",\"url\":\"https:\\\/\\\/turkistanpost.com\\\/tr\\\/etge-dogu-turkistan-milli-ordusu-anma-gununun-81-yildonumunu-kaydetti\\\/\",\"name\":\"ETGE, Do\\u011fu T\\u00fcrkistan Milli Ordusu Anma G\\u00fcn\\u00fc\\u2019n\\u00fcn 81. Y\\u0131ld\\u00f6n\\u00fcm\\u00fcn\\u00fc Kaydetti | Do\\u011fu T\\u00fcrkistan Postas\\u0131\",\"description\":\"S\\u00fcrg\\u00fcn h\\u00fck\\u00fcmeti, 1945 y\\u0131l\\u0131nda \\u0130kinci Cumhuriyeti savunmak amac\\u0131yla kurulan orduyu an\\u0131yor. WASHINGTON \\u2014 Pekin'in \\\"\\u015eincan (Yeni B\\u00f6lge)\\\" olarak adland\\u0131rd\\u0131\\u011f\\u0131 Do\\u011fu T\\u00fcrkistan, bu hafta yay\\u0131nlanan Do\\u011fu T\\u00fcrkistan S\\u00fcrg\\u00fcn H\\u00fck\\u00fcmeti (ETGE) a\\u00e7\\u0131klamas\\u0131na g\\u00f6re, Do\\u011fu T\\u00fcrkistan Milli Ordusu Anma G\\u00fcn\\u00fc'n\\u00fcn 81. y\\u0131ld\\u00f6n\\u00fcm\\u00fcnde an\\u0131l\\u0131yor. S\\u00fcrg\\u00fcn h\\u00fck\\u00fcmeti, 8 Nisan 1945'te Gulca'da Do\\u011fu T\\u00fcrkistan Milli Ordusu'nun kurulu\\u015funu yad ederek, bu orduyu\",\"inLanguage\":\"tr-TR\",\"isPartOf\":{\"@id\":\"https:\\\/\\\/turkistanpost.com\\\/tr\\\/#website\"},\"breadcrumb\":{\"@id\":\"https:\\\/\\\/turkistanpost.com\\\/tr\\\/etge-dogu-turkistan-milli-ordusu-anma-gununun-81-yildonumunu-kaydetti\\\/#breadcrumblist\"},\"author\":{\"@id\":\"https:\\\/\\\/turkistanpost.com\\\/tr\\\/author\\\/etposteditor\\\/#author\"},\"creator\":{\"@id\":\"https:\\\/\\\/turkistanpost.com\\\/tr\\\/author\\\/etposteditor\\\/#author\"},\"datePublished\":\"2026-04-09T11:46:36+00:00\",\"dateModified\":\"2026-04-09T11:46:36+00:00\"},{\"@type\":\"WebSite\",\"@id\":\"https:\\\/\\\/turkistanpost.com\\\/tr\\\/#website\",\"url\":\"https:\\\/\\\/turkistanpost.com\\\/tr\\\/\",\"name\":\"Do\\u011fu T\\u00fcrkistan Postas\\u0131\",\"inLanguage\":\"tr-TR\",\"publisher\":{\"@id\":\"https:\\\/\\\/turkistanpost.com\\\/tr\\\/#organization\"}}]}\n\t\t<\/script>\n\t\t<!-- All in One SEO Pro -->\r\n\t\t<title>ETGE, Do\u011fu T\u00fcrkistan Milli Ordusu Anma G\u00fcn\u00fc\u2019n\u00fcn 81. Y\u0131ld\u00f6n\u00fcm\u00fcn\u00fc Kaydetti | Do\u011fu T\u00fcrkistan Postas\u0131<\/title>\n\n","aioseo_head_json":{"title":"ETGE, Do\u011fu T\u00fcrkistan Milli Ordusu Anma G\u00fcn\u00fc\u2019n\u00fcn 81. Y\u0131ld\u00f6n\u00fcm\u00fcn\u00fc Kaydetti | Do\u011fu T\u00fcrkistan Postas\u0131","description":"S\u00fcrg\u00fcn h\u00fck\u00fcmeti, 1945 y\u0131l\u0131nda \u0130kinci Cumhuriyeti savunmak amac\u0131yla kurulan orduyu an\u0131yor. WASHINGTON \u2014 Pekin'in \"\u015eincan (Yeni B\u00f6lge)\" olarak adland\u0131rd\u0131\u011f\u0131 Do\u011fu T\u00fcrkistan, bu hafta yay\u0131nlanan Do\u011fu T\u00fcrkistan S\u00fcrg\u00fcn H\u00fck\u00fcmeti (ETGE) a\u00e7\u0131klamas\u0131na g\u00f6re, Do\u011fu T\u00fcrkistan Milli Ordusu Anma G\u00fcn\u00fc'n\u00fcn 81. y\u0131ld\u00f6n\u00fcm\u00fcnde an\u0131l\u0131yor. S\u00fcrg\u00fcn h\u00fck\u00fcmeti, 8 Nisan 1945'te Gulca'da Do\u011fu T\u00fcrkistan Milli Ordusu'nun kurulu\u015funu yad ederek, bu orduyu","canonical_url":"https:\/\/turkistanpost.com\/tr\/etge-dogu-turkistan-milli-ordusu-anma-gununun-81-yildonumunu-kaydetti\/","robots":"max-image-preview:large","keywords":"","webmasterTools":{"google-site-verification":"63yYCHe0-6aFAdA5O_esQ76Maz5TyNKbfIHmdwfmivE","miscellaneous":""},"schema":{"@context":"https:\/\/schema.org","@graph":[{"@type":"BlogPosting","@id":"https:\/\/turkistanpost.com\/tr\/etge-dogu-turkistan-milli-ordusu-anma-gununun-81-yildonumunu-kaydetti\/#blogposting","name":"ETGE, Do\u011fu T\u00fcrkistan Milli Ordusu Anma G\u00fcn\u00fc\u2019n\u00fcn 81. Y\u0131ld\u00f6n\u00fcm\u00fcn\u00fc Kaydetti | Do\u011fu T\u00fcrkistan Postas\u0131","headline":"ETGE, Do\u011fu T\u00fcrkistan Milli Ordusu Anma G\u00fcn\u00fc&#8217;n\u00fcn 81. Y\u0131ld\u00f6n\u00fcm\u00fcn\u00fc Kaydetti","author":{"@id":"https:\/\/turkistanpost.com\/tr\/author\/etposteditor\/#author"},"publisher":{"@id":"https:\/\/turkistanpost.com\/tr\/#organization"},"image":{"@type":"ImageObject","url":"https:\/\/turkistanpost.com\/wp-content\/uploads\/2025\/12\/cropped-Site-Icon.png","@id":"https:\/\/turkistanpost.com\/tr\/#articleImage","width":512,"height":512},"datePublished":"2026-04-09T11:46:36+00:00","dateModified":"2026-04-09T11:46:36+00:00","inLanguage":"tr-TR","mainEntityOfPage":{"@id":"https:\/\/turkistanpost.com\/tr\/etge-dogu-turkistan-milli-ordusu-anma-gununun-81-yildonumunu-kaydetti\/#webpage"},"isPartOf":{"@id":"https:\/\/turkistanpost.com\/tr\/etge-dogu-turkistan-milli-ordusu-anma-gununun-81-yildonumunu-kaydetti\/#webpage"},"articleSection":"Do\u011fu T\u00fcrkistan, Tarih, \u0130ste\u011fe Ba\u011fl\u0131"},{"@type":"BreadcrumbList","@id":"https:\/\/turkistanpost.com\/tr\/etge-dogu-turkistan-milli-ordusu-anma-gununun-81-yildonumunu-kaydetti\/#breadcrumblist","itemListElement":[{"@type":"ListItem","@id":"https:\/\/turkistanpost.com\/tr\/#listItem","position":1,"name":"Home","item":"https:\/\/turkistanpost.com\/tr\/","nextItem":{"@type":"ListItem","@id":"https:\/\/turkistanpost.com\/tr\/category\/dogu-turkistan\/#listItem","name":"Do\u011fu T\u00fcrkistan"}},{"@type":"ListItem","@id":"https:\/\/turkistanpost.com\/tr\/category\/dogu-turkistan\/#listItem","position":2,"name":"Do\u011fu T\u00fcrkistan","item":"https:\/\/turkistanpost.com\/tr\/category\/dogu-turkistan\/","nextItem":{"@type":"ListItem","@id":"https:\/\/turkistanpost.com\/tr\/etge-dogu-turkistan-milli-ordusu-anma-gununun-81-yildonumunu-kaydetti\/#listItem","name":"ETGE, Do\u011fu T\u00fcrkistan Milli Ordusu Anma G\u00fcn\u00fc&#8217;n\u00fcn 81. Y\u0131ld\u00f6n\u00fcm\u00fcn\u00fc Kaydetti"},"previousItem":{"@type":"ListItem","@id":"https:\/\/turkistanpost.com\/tr\/#listItem","name":"Home"}},{"@type":"ListItem","@id":"https:\/\/turkistanpost.com\/tr\/etge-dogu-turkistan-milli-ordusu-anma-gununun-81-yildonumunu-kaydetti\/#listItem","position":3,"name":"ETGE, Do\u011fu T\u00fcrkistan Milli Ordusu Anma G\u00fcn\u00fc&#8217;n\u00fcn 81. Y\u0131ld\u00f6n\u00fcm\u00fcn\u00fc Kaydetti","previousItem":{"@type":"ListItem","@id":"https:\/\/turkistanpost.com\/tr\/category\/dogu-turkistan\/#listItem","name":"Do\u011fu T\u00fcrkistan"}}]},{"@type":"Organization","@id":"https:\/\/turkistanpost.com\/tr\/#organization","name":"Do\u011fu T\u00fcrkistan Postas\u0131","url":"https:\/\/turkistanpost.com\/tr\/","logo":{"@type":"ImageObject","url":"https:\/\/turkistanpost.com\/wp-content\/uploads\/2025\/12\/cropped-Site-Icon.png","@id":"https:\/\/turkistanpost.com\/tr\/etge-dogu-turkistan-milli-ordusu-anma-gununun-81-yildonumunu-kaydetti\/#organizationLogo","width":512,"height":512},"image":{"@id":"https:\/\/turkistanpost.com\/tr\/etge-dogu-turkistan-milli-ordusu-anma-gununun-81-yildonumunu-kaydetti\/#organizationLogo"},"sameAs":["https:\/\/facebook.com\/turkistanpost","https:\/\/x.com\/turkistanpost","https:\/\/instagram.com\/turkistanpost","https:\/\/linkedin.com\/company\/turkistanpost"]},{"@type":"Person","@id":"https:\/\/turkistanpost.com\/tr\/author\/etposteditor\/#author","url":"https:\/\/turkistanpost.com\/tr\/author\/etposteditor\/","name":"ETPostEditor","image":{"@type":"ImageObject","@id":"https:\/\/turkistanpost.com\/tr\/etge-dogu-turkistan-milli-ordusu-anma-gununun-81-yildonumunu-kaydetti\/#authorImage","url":"https:\/\/secure.gravatar.com\/avatar\/7999de4ea6962a023c24d9e5e0b5ad1459704d60052771444c69aa4a55599671?s=96&d=mm&r=g","width":96,"height":96,"caption":"ETPostEditor"}},{"@type":"WebPage","@id":"https:\/\/turkistanpost.com\/tr\/etge-dogu-turkistan-milli-ordusu-anma-gununun-81-yildonumunu-kaydetti\/#webpage","url":"https:\/\/turkistanpost.com\/tr\/etge-dogu-turkistan-milli-ordusu-anma-gununun-81-yildonumunu-kaydetti\/","name":"ETGE, Do\u011fu T\u00fcrkistan Milli Ordusu Anma G\u00fcn\u00fc\u2019n\u00fcn 81. Y\u0131ld\u00f6n\u00fcm\u00fcn\u00fc Kaydetti | Do\u011fu T\u00fcrkistan Postas\u0131","description":"S\u00fcrg\u00fcn h\u00fck\u00fcmeti, 1945 y\u0131l\u0131nda \u0130kinci Cumhuriyeti savunmak amac\u0131yla kurulan orduyu an\u0131yor. WASHINGTON \u2014 Pekin'in \"\u015eincan (Yeni B\u00f6lge)\" olarak adland\u0131rd\u0131\u011f\u0131 Do\u011fu T\u00fcrkistan, bu hafta yay\u0131nlanan Do\u011fu T\u00fcrkistan S\u00fcrg\u00fcn H\u00fck\u00fcmeti (ETGE) a\u00e7\u0131klamas\u0131na g\u00f6re, Do\u011fu T\u00fcrkistan Milli Ordusu Anma G\u00fcn\u00fc'n\u00fcn 81. y\u0131ld\u00f6n\u00fcm\u00fcnde an\u0131l\u0131yor. S\u00fcrg\u00fcn h\u00fck\u00fcmeti, 8 Nisan 1945'te Gulca'da Do\u011fu T\u00fcrkistan Milli Ordusu'nun kurulu\u015funu yad ederek, bu orduyu","inLanguage":"tr-TR","isPartOf":{"@id":"https:\/\/turkistanpost.com\/tr\/#website"},"breadcrumb":{"@id":"https:\/\/turkistanpost.com\/tr\/etge-dogu-turkistan-milli-ordusu-anma-gununun-81-yildonumunu-kaydetti\/#breadcrumblist"},"author":{"@id":"https:\/\/turkistanpost.com\/tr\/author\/etposteditor\/#author"},"creator":{"@id":"https:\/\/turkistanpost.com\/tr\/author\/etposteditor\/#author"},"datePublished":"2026-04-09T11:46:36+00:00","dateModified":"2026-04-09T11:46:36+00:00"},{"@type":"WebSite","@id":"https:\/\/turkistanpost.com\/tr\/#website","url":"https:\/\/turkistanpost.com\/tr\/","name":"Do\u011fu T\u00fcrkistan Postas\u0131","inLanguage":"tr-TR","publisher":{"@id":"https:\/\/turkistanpost.com\/tr\/#organization"}}]},"og:locale":"tr_TR","og:site_name":"Do\u011fu T\u00fcrkistan Postas\u0131 |","og:type":"article","og:title":"ETGE, Do\u011fu T\u00fcrkistan Milli Ordusu Anma G\u00fcn\u00fc\u2019n\u00fcn 81. Y\u0131ld\u00f6n\u00fcm\u00fcn\u00fc Kaydetti | Do\u011fu T\u00fcrkistan Postas\u0131","og:description":"S\u00fcrg\u00fcn h\u00fck\u00fcmeti, 1945 y\u0131l\u0131nda \u0130kinci Cumhuriyeti savunmak amac\u0131yla kurulan orduyu an\u0131yor. WASHINGTON \u2014 Pekin'in &quot;\u015eincan (Yeni B\u00f6lge)&quot; olarak adland\u0131rd\u0131\u011f\u0131 Do\u011fu T\u00fcrkistan, bu hafta yay\u0131nlanan Do\u011fu T\u00fcrkistan S\u00fcrg\u00fcn H\u00fck\u00fcmeti (ETGE) a\u00e7\u0131klamas\u0131na g\u00f6re, Do\u011fu T\u00fcrkistan Milli Ordusu Anma G\u00fcn\u00fc'n\u00fcn 81. y\u0131ld\u00f6n\u00fcm\u00fcnde an\u0131l\u0131yor. S\u00fcrg\u00fcn h\u00fck\u00fcmeti, 8 Nisan 1945'te Gulca'da Do\u011fu T\u00fcrkistan Milli Ordusu'nun kurulu\u015funu yad ederek, bu orduyu","og:url":"https:\/\/turkistanpost.com\/tr\/etge-dogu-turkistan-milli-ordusu-anma-gununun-81-yildonumunu-kaydetti\/","article:published_time":"2026-04-09T11:46:36+00:00","article:modified_time":"2026-04-09T11:46:36+00:00","article:publisher":"https:\/\/facebook.com\/turkistanpost","twitter:card":"summary_large_image","twitter:site":"@turkistanpost","twitter:title":"ETGE, Do\u011fu T\u00fcrkistan Milli Ordusu Anma G\u00fcn\u00fc\u2019n\u00fcn 81. Y\u0131ld\u00f6n\u00fcm\u00fcn\u00fc Kaydetti | Do\u011fu T\u00fcrkistan Postas\u0131","twitter:description":"S\u00fcrg\u00fcn h\u00fck\u00fcmeti, 1945 y\u0131l\u0131nda \u0130kinci Cumhuriyeti savunmak amac\u0131yla kurulan orduyu an\u0131yor. WASHINGTON \u2014 Pekin'in &quot;\u015eincan (Yeni B\u00f6lge)&quot; olarak adland\u0131rd\u0131\u011f\u0131 Do\u011fu T\u00fcrkistan, bu hafta yay\u0131nlanan Do\u011fu T\u00fcrkistan S\u00fcrg\u00fcn H\u00fck\u00fcmeti (ETGE) a\u00e7\u0131klamas\u0131na g\u00f6re, Do\u011fu T\u00fcrkistan Milli Ordusu Anma G\u00fcn\u00fc'n\u00fcn 81. y\u0131ld\u00f6n\u00fcm\u00fcnde an\u0131l\u0131yor. S\u00fcrg\u00fcn h\u00fck\u00fcmeti, 8 Nisan 1945'te Gulca'da Do\u011fu T\u00fcrkistan Milli Ordusu'nun kurulu\u015funu yad ederek, bu orduyu","twitter:creator":"@turkistanpost"},"aioseo_meta_data":{"post_id":"1928","title":"#post_title #separator_sa #site_title","description":"#post_excerpt","keywords":null,"keyphrases":null,"primary_term":null,"canonical_url":null,"og_title":null,"og_description":null,"og_object_type":"default","og_image_type":"default","og_image_url":null,"og_image_width":null,"og_image_height":null,"og_image_custom_url":null,"og_image_custom_fields":null,"og_video":null,"og_custom_url":null,"og_article_section":null,"og_article_tags":null,"twitter_use_og":false,"twitter_card":"default","twitter_image_type":"default","twitter_image_url":null,"twitter_image_custom_url":null,"twitter_image_custom_fields":null,"twitter_title":null,"twitter_description":null,"schema":{"blockGraphs":[],"customGraphs":[],"default":{"data":{"Article":[],"Course":[],"Dataset":[],"FAQPage":[],"Movie":[],"Person":[],"Product":[],"ProductReview":[],"Car":[],"Recipe":[],"Service":[],"SoftwareApplication":[],"WebPage":[]},"graphName":"","isEnabled":true},"graphs":[]},"schema_type":"default","schema_type_options":null,"pillar_content":false,"robots_default":true,"robots_noindex":false,"robots_noarchive":false,"robots_nosnippet":false,"robots_nofollow":false,"robots_noimageindex":false,"robots_noodp":false,"robots_notranslate":false,"robots_max_snippet":null,"robots_max_videopreview":null,"robots_max_imagepreview":"large","priority":null,"frequency":null,"local_seo":null,"seo_analyzer_scan_date":"2026-04-15 12:27:29","breadcrumb_settings":null,"limit_modified_date":false,"reviewed_by":null,"open_ai":null,"ai":null,"created":"2026-04-16 20:51:07","updated":"2026-04-16 20:51:07","focus_keyword":null,"additional_keywords":null,"truseo_locale":null},"aioseo_breadcrumb":"<div class=\"aioseo-breadcrumbs\"><span class=\"aioseo-breadcrumb\">\n\t<a href=\"https:\/\/turkistanpost.com\/tr\/\" title=\"Home\">Home<\/a>\n<\/span><span class=\"aioseo-breadcrumb-separator\">&raquo;<\/span><span class=\"aioseo-breadcrumb\">\n\t<a href=\"https:\/\/turkistanpost.com\/tr\/category\/dogu-turkistan\/\" title=\"Do\u011fu T\u00fcrkistan\">Do\u011fu T\u00fcrkistan<\/a>\n<\/span><span class=\"aioseo-breadcrumb-separator\">&raquo;<\/span><span class=\"aioseo-breadcrumb\">\n\tETGE, Do\u011fu T\u00fcrkistan Milli Ordusu Anma G\u00fcn\u00fc\u2019n\u00fcn 81. Y\u0131ld\u00f6n\u00fcm\u00fcn\u00fc Kaydetti\n<\/span><\/div>","aioseo_breadcrumb_json":[{"label":"Home","link":"https:\/\/turkistanpost.com\/tr\/"},{"label":"Do\u011fu T\u00fcrkistan","link":"https:\/\/turkistanpost.com\/tr\/category\/dogu-turkistan\/"},{"label":"ETGE, Do\u011fu T\u00fcrkistan Milli Ordusu Anma G\u00fcn\u00fc&#8217;n\u00fcn 81. Y\u0131ld\u00f6n\u00fcm\u00fcn\u00fc Kaydetti","link":"https:\/\/turkistanpost.com\/tr\/etge-dogu-turkistan-milli-ordusu-anma-gununun-81-yildonumunu-kaydetti\/"}],"_links":{"self":[{"href":"https:\/\/turkistanpost.com\/tr\/wp-json\/wp\/v2\/posts\/1928","targetHints":{"allow":["GET"]}}],"collection":[{"href":"https:\/\/turkistanpost.com\/tr\/wp-json\/wp\/v2\/posts"}],"about":[{"href":"https:\/\/turkistanpost.com\/tr\/wp-json\/wp\/v2\/types\/post"}],"author":[{"embeddable":true,"href":"https:\/\/turkistanpost.com\/tr\/wp-json\/wp\/v2\/users\/2"}],"replies":[{"embeddable":true,"href":"https:\/\/turkistanpost.com\/tr\/wp-json\/wp\/v2\/comments?post=1928"}],"version-history":[{"count":0,"href":"https:\/\/turkistanpost.com\/tr\/wp-json\/wp\/v2\/posts\/1928\/revisions"}],"wp:attachment":[{"href":"https:\/\/turkistanpost.com\/tr\/wp-json\/wp\/v2\/media?parent=1928"}],"wp:term":[{"taxonomy":"category","embeddable":true,"href":"https:\/\/turkistanpost.com\/tr\/wp-json\/wp\/v2\/categories?post=1928"},{"taxonomy":"post_tag","embeddable":true,"href":"https:\/\/turkistanpost.com\/tr\/wp-json\/wp\/v2\/tags?post=1928"}],"curies":[{"name":"wp","href":"https:\/\/api.w.org\/{rel}","templated":true}]}}